{"id":109600,"date":"2019-06-27T22:06:05","date_gmt":"2019-06-27T19:06:05","guid":{"rendered":"https:\/\/sana.sy\/es\/?p=109600"},"modified":"2019-06-27T22:06:05","modified_gmt":"2019-06-27T19:06:05","slug":"safronkov-la-necesidad-respetar-la-soberania-e-integridad-territorial-de-siria","status":"publish","type":"post","link":"https:\/\/archive.sana.sy\/es\/?p=109600","title":{"rendered":"Safr\u00f3nkov: la necesidad respetar la soberan\u00eda e integridad territorial de Siria"},"content":{"rendered":"<p>Nueva York-SANA<\/p>\n<p>El representante permanente adjunto de Rusia ante las Naciones Unidas, Vlad\u00edmir Safr\u00f3nkov subray\u00f3 la necesidad de alcanzar una soluci\u00f3n pol\u00edtica a la crisis de Siria de conformidad con la resoluci\u00f3n 2254, se\u00f1alando que \u00a8garantizar la estabilidad en este pa\u00eds requiere de todos respetar su soberan\u00eda e integridad territorial.<\/p>\n<p>Safr\u00f3nkov dijo en una sesi\u00f3n del Consejo de Seguridad sobre la situaci\u00f3n en Siria que la organizaci\u00f3n terrorista del Frente AL-Nusra en Idleb continua atacando posiciones del ej\u00e9rcito sirio, la base rusa de Hmyemim y los civiles, haciendo hincapi\u00e9 en la necesidad de suspender el apoyo a las organizaciones terroristas en Siria.<\/p>\n<p>El diplom\u00e1tico ruso se\u00f1al\u00f3 que las medidas econ\u00f3micas unilaterales impuestas a Siria han provocado el sufrimiento de los ciudadanos sirios, llamando a suspenderlas y apoyar los esfuerzos de la reconstrucci\u00f3n en Siria, adem\u00e1s de garantizar condiciones propicios para el retorno de los desplazados sirios a sus hogares.<\/p>\n<p>Y.K.<\/p>\n","protected":false},"excerpt":{"rendered":"<p>Nueva York-SANA El representante permanente adjunto de Rusia ante las Naciones Unidas, Vlad\u00edmir Safr\u00f3nkov subray\u00f3 la necesidad de alcanzar una soluci\u00f3n pol\u00edtica a la crisis de Siria de conformidad con la resoluci\u00f3n 2254, se\u00f1alando que \u00a8garantizar la estabilidad en este pa\u00eds requiere de todos respetar su soberan\u00eda e integridad territorial. Safr\u00f3nkov dijo en una sesi\u00f3n &hellip;<\/p>\n","protected":false},"author":1,"featured_media":109601,"comment_status":"closed","ping_status":"closed","sticky":false,"template":"","format":"standard","meta":{"footnotes":""},"categories":[456,7541],"tags":[],"class_list":["post-109600","post","type-post","status-publish","format-standard","has-post-thumbnail","","category-arabe-internacional-politica","category-ultimas-noticias"],"_links":{"self":[{"href":"https:\/\/archive.sana.sy\/es\/index.php?rest_route=\/wp\/v2\/posts\/109600"}],"collection":[{"href":"https:\/\/archive.sana.sy\/es\/index.php?rest_route=\/wp\/v2\/posts"}],"about":[{"href":"https:\/\/archive.sana.sy\/es\/index.php?rest_route=\/wp\/v2\/types\/post"}],"author":[{"embeddable":true,"href":"https:\/\/archive.sana.sy\/es\/index.php?rest_route=\/wp\/v2\/users\/1"}],"replies":[{"embeddable":true,"href":"https:\/\/archive.sana.sy\/es\/index.php?rest_route=%2Fwp%2Fv2%2Fcomments&post=109600"}],"version-history":[{"count":0,"href":"https:\/\/archive.sana.sy\/es\/index.php?rest_route=\/wp\/v2\/posts\/109600\/revisions"}],"wp:featuredmedia":[{"embeddable":true,"href":"https:\/\/archive.sana.sy\/es\/index.php?rest_route=\/wp\/v2\/media\/109601"}],"wp:attachment":[{"href":"https:\/\/archive.sana.sy\/es\/index.php?rest_route=%2Fwp%2Fv2%2Fmedia&parent=109600"}],"wp:term":[{"taxonomy":"category","embeddable":true,"href":"https:\/\/archive.sana.sy\/es\/index.php?rest_route=%2Fwp%2Fv2%2Fcategories&post=109600"},{"taxonomy":"post_tag","embeddable":true,"href":"https:\/\/archive.sana.sy\/es\/index.php?rest_route=%2Fwp%2Fv2%2Ftags&post=109600"}],"curies":[{"name":"wp","href":"https:\/\/api.w.org\/{rel}","templated":true}]}}