{"id":109607,"date":"2019-06-28T10:29:05","date_gmt":"2019-06-28T07:29:05","guid":{"rendered":"https:\/\/sana.sy\/es\/?p=109607"},"modified":"2019-06-28T14:30:11","modified_gmt":"2019-06-28T11:30:11","slug":"putin-reafirma-la-necesidad-de-abatir-a-los-terroristas-restantes-y-trabajar-sobre-la-vuelta-de-los-desplazados","status":"publish","type":"post","link":"https:\/\/archive.sana.sy\/es\/?p=109607","title":{"rendered":"Putin reafirma la necesidad de abatir a los terroristas restantes y trabajar sobre la vuelta de los desplazados"},"content":{"rendered":"<p style=\"text-align: justify\"><span style=\"color: #800000\">Tokio, SANA<\/span><\/p>\n<p style=\"text-align: justify\">El presidente ruso Vladimir Putin reconfirm\u00f3 la importancia de acabar con los focos terroristas en Siria y redoblar el trabajo relacionado con la vuelta de los desplazados y reactivar la econom\u00eda del pa\u00eds.<\/p>\n<p style=\"text-align: justify\">En una reuni\u00f3n de los l\u00edderes del BRICS al margen de la cumbre del Grupo de los Veinte (G20) en Osaka, Jap\u00f3n, Putin recalc\u00f3 que en la etapa actual es importante eliminar los focos de terrorismo restantes y continuar ayudando al gobierno sirio a reconstruir la econom\u00eda, la infraestructura y el regreso de los desplazados a su pa\u00eds, y agreg\u00f3 \u201cestamos trabajando por la estabilidad en Siria &#8220;.<\/p>\n<p style=\"text-align: justify\">Mosc\u00fa reafirm\u00f3 frecuentemente que la organizaci\u00f3n integrista del Frente al-Nuosra\u00a0 controla la mayor parte de la provincia de Idleb y sigue tomando <strong>a<\/strong> los civiles como rehenes, adem\u00e1s de los repetidas ataques contra los puntos del ej\u00e9rcito sirio y los civiles, haciendo hincapi\u00e9 en que las organizaciones terroristas no est\u00e1n incluidas en los acuerdos de las zonas de Distensi\u00f3n est\u00e9n donde est\u00e9n.<\/p>\n<p style=\"text-align: justify\">La cumbre del Grupo de los Veinte (G20), con la participaci\u00f3n de 37 pa\u00edses y organizaciones internacionales, se inaugur\u00f3 esta ma\u00f1ana en Osaka, Jap\u00f3n.<\/p>\n<p style=\"text-align: justify\"><span style=\"color: #0000ff\">Ammar H.\/ Riad Sh.<\/span><\/p>\n","protected":false},"excerpt":{"rendered":"<p>Tokio, SANA El presidente ruso Vladimir Putin reconfirm\u00f3 la importancia de acabar con los focos terroristas en Siria y redoblar el trabajo relacionado con la vuelta de los desplazados y reactivar la econom\u00eda del pa\u00eds. En una reuni\u00f3n de los l\u00edderes del BRICS al margen de la cumbre del Grupo de los Veinte (G20) en &hellip;<\/p>\n","protected":false},"author":30,"featured_media":109609,"comment_status":"closed","ping_status":"closed","sticky":false,"template":"","format":"standard","meta":{"footnotes":""},"categories":[597,467,7541],"tags":[15797],"class_list":["post-109607","post","type-post","status-publish","format-standard","has-post-thumbnail","","category-cinta-de-noticias","category-siria-y-el-mundo","category-ultimas-noticias","tag-putin-reafirma-la-necesidad-de-abatir-a-los-terroristas-restantes-y-trabajar-sobre-la-vuelta-de-los-desplazados"],"_links":{"self":[{"href":"https:\/\/archive.sana.sy\/es\/index.php?rest_route=\/wp\/v2\/posts\/109607"}],"collection":[{"href":"https:\/\/archive.sana.sy\/es\/index.php?rest_route=\/wp\/v2\/posts"}],"about":[{"href":"https:\/\/archive.sana.sy\/es\/index.php?rest_route=\/wp\/v2\/types\/post"}],"author":[{"embeddable":true,"href":"https:\/\/archive.sana.sy\/es\/index.php?rest_route=\/wp\/v2\/users\/30"}],"replies":[{"embeddable":true,"href":"https:\/\/archive.sana.sy\/es\/index.php?rest_route=%2Fwp%2Fv2%2Fcomments&post=109607"}],"version-history":[{"count":0,"href":"https:\/\/archive.sana.sy\/es\/index.php?rest_route=\/wp\/v2\/posts\/109607\/revisions"}],"wp:featuredmedia":[{"embeddable":true,"href":"https:\/\/archive.sana.sy\/es\/index.php?rest_route=\/wp\/v2\/media\/109609"}],"wp:attachment":[{"href":"https:\/\/archive.sana.sy\/es\/index.php?rest_route=%2Fwp%2Fv2%2Fmedia&parent=109607"}],"wp:term":[{"taxonomy":"category","embeddable":true,"href":"https:\/\/archive.sana.sy\/es\/index.php?rest_route=%2Fwp%2Fv2%2Fcategories&post=109607"},{"taxonomy":"post_tag","embeddable":true,"href":"https:\/\/archive.sana.sy\/es\/index.php?rest_route=%2Fwp%2Fv2%2Ftags&post=109607"}],"curies":[{"name":"wp","href":"https:\/\/api.w.org\/{rel}","templated":true}]}}