{"id":109841,"date":"2019-07-02T17:12:06","date_gmt":"2019-07-02T14:12:06","guid":{"rendered":"https:\/\/sana.sy\/es\/?p=109841"},"modified":"2019-08-21T21:52:36","modified_gmt":"2019-08-21T18:52:36","slug":"presidente-al-assad-recibe-al-principal-asesor-del-canciller-irani-para-asuntos-politicos","status":"publish","type":"post","link":"https:\/\/archive.sana.sy\/es\/?p=109841","title":{"rendered":"Presidente al-Assad recibe al principal asesor del canciller iran\u00ed para asuntos pol\u00edticos"},"content":{"rendered":"<p style=\"text-align: justify;\"><span style=\"color: #800000;\">Damasco, SANA<\/span><\/p>\n<p style=\"text-align: justify;\">El presidente Bashar al-Assad, recibi\u00f3 hoy a Ali Asghar Khaji, el principal asesor del canciller iran\u00ed para asuntos pol\u00edticos, y la delegaci\u00f3n que le acompa\u00f1a.<\/p>\n<p style=\"text-align: justify;\">El alto funcionario iran\u00ed actualiz\u00f3 al presidente al-Assad sobre las \u00faltimas novedades relacionadas con el acuerdo nuclear iran\u00ed tras la retirada de Washington del mismo, y la escalada en las posturas de Estados Unidos que buscan desestabilizar la regi\u00f3n y aumentar la tensi\u00f3n en la misma.<\/p>\n<p style=\"text-align: justify;\">El mandatario sirio ratific\u00f3 el apoyo de Damasco a Ir\u00e1n y su liderazgo en la defensa de los derechos de su pueblo contra las amenazas y acciones que violan todas las normas del derecho internacional.<\/p>\n<p style=\"text-align: justify;\">Las conversaciones durante la reuni\u00f3n abordaron la guerra contra el terrorismo en Siria y la respuesta a los ataques perpetrados por las organizaciones terroristas en Idleb contra los civiles en las regiones vecinas.<\/p>\n<p style=\"text-align: justify;\">Tambi\u00e9n, se repasaron los \u00faltimos desarrollos del proceso pol\u00edtico, la pr\u00f3xima ronda de conversaciones de Astan\u00e1 y la situaci\u00f3n en la regi\u00f3n y el mundo.<\/p>\n<p style=\"text-align: justify;\">Khaji reafirm\u00f3 las estrat\u00e9gicas y arraigadas relaciones sirio-iran\u00edes y ratific\u00f3 la determinaci\u00f3n de su pa\u00eds de seguir fortaleci\u00e9ndolas en todos los campos.<\/p>\n<p style=\"text-align: justify;\">Reiter\u00f3 que el liderazgo y el pueblo de la Rep\u00fablica Isl\u00e1mica de Ir\u00e1n mantendr\u00e1n su apoyo a Siria hasta la liberaci\u00f3n de todo su territorio del terrorismo y la reconstrucci\u00f3n de todo lo destruido por la guerra.<\/p>\n<p style=\"text-align: justify;\">En el mismo contexto, el canciller, Walid al-Moallem, se reuni\u00f3 con el alto funcionario persa, donde ambas partes abordaron la necesidad de dar continuaci\u00f3n a la coordinaci\u00f3n y las consultas entre ambas naciones acerca de los pr\u00f3ximos encuentros internacionales sobre el proceso pol\u00edtico en Siria.<\/p>\n<p><img loading=\"lazy\" decoding=\"async\" class=\"size-medium wp-image-109846 alignleft\" src=\"https:\/\/sana.sy\/es\/wp-content\/uploads\/2019\/07\/Al-Moallem-300x190.jpg\" alt=\"\" width=\"300\" height=\"190\" srcset=\"https:\/\/archive.sana.sy\/es\/wp-content\/uploads\/2019\/07\/Al-Moallem-300x190.jpg 300w, https:\/\/archive.sana.sy\/es\/wp-content\/uploads\/2019\/07\/Al-Moallem-150x95.jpg 150w, https:\/\/archive.sana.sy\/es\/wp-content\/uploads\/2019\/07\/Al-Moallem.jpg 660w\" sizes=\"(max-width: 300px) 100vw, 300px\" \/><\/p>\n<p>&nbsp;<\/p>\n<p style=\"text-align: justify;\">Asimismo se acord\u00f3 continuar la consolidaci\u00f3n de las relaciones estrat\u00e9gicas binacionales en todos los \u00e1mbitos, especialmente la lucha contra el terrorismo.<\/p>\n<p style=\"text-align: justify;\">En el encuentro se abord\u00f3 tambi\u00e9n la situaci\u00f3n en la regi\u00f3n y la evoluci\u00f3n de las posturas de los pa\u00edses regionales e internacionales a la luz de la \u00faltima escalada de EEUU en el Golfo contra Ir\u00e1n, y el terrorismo econ\u00f3mico impuesto por la administraci\u00f3n estadounidense contra Siria e Ir\u00e1n.<\/p>\n<p style=\"text-align: justify;\">Los puntos de vista de ambas partes coincidieron sobre todos los temas abordados en la reuni\u00f3n sirio-iran\u00ed.<\/p>\n<p>&nbsp;<\/p>\n<p style=\"text-align: justify;\"><span style=\"color: #0000ff;\">F. Marouf\/ Lynn A.\/ R. Rashed\u00a0<\/span><\/p>\n","protected":false},"excerpt":{"rendered":"<p>Damasco, SANA El presidente Bashar al-Assad, recibi\u00f3 hoy a Ali Asghar Khaji, el principal asesor del canciller iran\u00ed para asuntos pol\u00edticos, y la delegaci\u00f3n que le acompa\u00f1a. El alto funcionario iran\u00ed actualiz\u00f3 al presidente al-Assad sobre las \u00faltimas novedades relacionadas con el acuerdo nuclear iran\u00ed tras la retirada de Washington del mismo, y la escalada &hellip;<\/p>\n","protected":false},"author":31,"featured_media":109843,"comment_status":"closed","ping_status":"closed","sticky":false,"template":"","format":"standard","meta":{"footnotes":""},"categories":[597,476,16237,583,626],"tags":[15838],"class_list":["post-109841","post","type-post","status-publish","format-standard","has-post-thumbnail","","category-cinta-de-noticias","category-locales","category-presidence-de-la-republique-arabe-syria","category-slide","category-sr-presidente","tag-presidente-al-assad-recibe-al-principal-asesor-del-canciller-irani-para-asuntos-politicos"],"_links":{"self":[{"href":"https:\/\/archive.sana.sy\/es\/index.php?rest_route=\/wp\/v2\/posts\/109841"}],"collection":[{"href":"https:\/\/archive.sana.sy\/es\/index.php?rest_route=\/wp\/v2\/posts"}],"about":[{"href":"https:\/\/archive.sana.sy\/es\/index.php?rest_route=\/wp\/v2\/types\/post"}],"author":[{"embeddable":true,"href":"https:\/\/archive.sana.sy\/es\/index.php?rest_route=\/wp\/v2\/users\/31"}],"replies":[{"embeddable":true,"href":"https:\/\/archive.sana.sy\/es\/index.php?rest_route=%2Fwp%2Fv2%2Fcomments&post=109841"}],"version-history":[{"count":0,"href":"https:\/\/archive.sana.sy\/es\/index.php?rest_route=\/wp\/v2\/posts\/109841\/revisions"}],"wp:featuredmedia":[{"embeddable":true,"href":"https:\/\/archive.sana.sy\/es\/index.php?rest_route=\/wp\/v2\/media\/109843"}],"wp:attachment":[{"href":"https:\/\/archive.sana.sy\/es\/index.php?rest_route=%2Fwp%2Fv2%2Fmedia&parent=109841"}],"wp:term":[{"taxonomy":"category","embeddable":true,"href":"https:\/\/archive.sana.sy\/es\/index.php?rest_route=%2Fwp%2Fv2%2Fcategories&post=109841"},{"taxonomy":"post_tag","embeddable":true,"href":"https:\/\/archive.sana.sy\/es\/index.php?rest_route=%2Fwp%2Fv2%2Ftags&post=109841"}],"curies":[{"name":"wp","href":"https:\/\/api.w.org\/{rel}","templated":true}]}}