{"id":109997,"date":"2019-07-04T22:27:36","date_gmt":"2019-07-04T19:27:36","guid":{"rendered":"https:\/\/sana.sy\/es\/?p=109997"},"modified":"2019-08-21T21:51:48","modified_gmt":"2019-08-21T18:51:48","slug":"al-assad-los-cristianos-nunca-eran-extranjeros-en-esta-tierra-sino-constructores-de-la-civilizacion-junto-a-sus-hermanos-musulmanes","status":"publish","type":"post","link":"https:\/\/archive.sana.sy\/es\/?p=109997","title":{"rendered":"Al-Assad: los cristianos siempre han sido constructores de la civilizaci\u00f3n siria junto a los musulmanes"},"content":{"rendered":"<p style=\"text-align: justify;\"><span style=\"color: #800000;\">Damasco, SANA<\/span><\/p>\n<p style=\"text-align: justify;\">El presidente Bashar Al-Assad, destac\u00f3 que los cristianos nunca han sido \u201cajenos\u201d en Siria, sino que han sido y siguen siendo constructores de la civilizaci\u00f3n y portadores de un mensaje c\u00edvico y humano para todo el mundo junto a sus hermanos musulmanes.<\/p>\n<p style=\"text-align: justify;\">\u201cEl arraigo cristiano en Siria es necesario para promover la moderaci\u00f3n y enriquecer la diversidad\u201d, dijo el presidente al-Assad durante su participaci\u00f3n en un di\u00e1logo abierto con j\u00f3venes sirios sir\u00edaco-cat\u00f3licos en su campamento organizado bajo el lema \u201cEn ti, mi esperanza\u201d, en el monasterio de San Tomas en la ciudad de Sednaya al norte de Damasco.<\/p>\n<p style=\"text-align: justify;\">Agreg\u00f3 que el patriotismo que caracteriz\u00f3 a los cristianos a lo largo de la historia, contribuy\u00f3 a frustrar los proyectos divisionistas en la regi\u00f3n y envi\u00f3 un mensaje a los enemigos y patrocinadores del terrorismo en Siria de que: \u201ctodos los proyectos coloniales y divisionistas est\u00e1n condenados al fracaso\u201d.<\/p>\n<p style=\"text-align: justify;\">El presidente asever\u00f3 que \u201cla l\u00f3gica no admite en Siria minor\u00edas ni mayor\u00edas tal como quiere Occidente, sino una diversidad rica y arm\u00f3nica para un pueblo que siempre era y ser\u00e1 unido\u201d.<\/p>\n<p style=\"text-align: justify;\">Indic\u00f3 que la responsabilidad de preservar esta diversidad es de todos los sirios mediante la comunicaci\u00f3n y el di\u00e1logo constantes impedir pasar a los proyectos de los enemigos de Siria.<\/p>\n<p style=\"text-align: justify;\">El presidente explic\u00f3 que la identidad \u00e1rabe es un concepto civilizado y no \u00e9tnico, y agreg\u00f3 que la civilizaci\u00f3n \u00e1rabe acoge a todos y rechaza renunciar su identidad hist\u00f3rica.<\/p>\n<p style=\"text-align: justify;\">Seg\u00fan el mandatario sirio, la embestida contra los cristianos en Siria tiene como objetivo de socavar la armon\u00eda y la diversidad cultural, religiosa y civilizadora de la sociedad siria para crear mini estados sectarios y legitimar as\u00ed, un estado jud\u00edo en Palestina ocupada.<\/p>\n<p style=\"text-align: justify;\"><span style=\"color: #0000ff;\">Y. K.\/ F. M.\/ A. H.<\/span><\/p>\n","protected":false},"excerpt":{"rendered":"<p>Damasco, SANA El presidente Bashar Al-Assad, destac\u00f3 que los cristianos nunca han sido \u201cajenos\u201d en Siria, sino que han sido y siguen siendo constructores de la civilizaci\u00f3n y portadores de un mensaje c\u00edvico y humano para todo el mundo junto a sus hermanos musulmanes. \u201cEl arraigo cristiano en Siria es necesario para promover la moderaci\u00f3n &hellip;<\/p>\n","protected":false},"author":1,"featured_media":109998,"comment_status":"closed","ping_status":"closed","sticky":false,"template":"","format":"standard","meta":{"footnotes":""},"categories":[597,16237,583,626],"tags":[15856],"class_list":["post-109997","post","type-post","status-publish","format-standard","has-post-thumbnail","","category-cinta-de-noticias","category-presidence-de-la-republique-arabe-syria","category-slide","category-sr-presidente","tag-al-assad-los-cristianos-siempre-han-sido-constructores-de-la-civilizacion-siria-junto-a-los-musulmanes"],"_links":{"self":[{"href":"https:\/\/archive.sana.sy\/es\/index.php?rest_route=\/wp\/v2\/posts\/109997"}],"collection":[{"href":"https:\/\/archive.sana.sy\/es\/index.php?rest_route=\/wp\/v2\/posts"}],"about":[{"href":"https:\/\/archive.sana.sy\/es\/index.php?rest_route=\/wp\/v2\/types\/post"}],"author":[{"embeddable":true,"href":"https:\/\/archive.sana.sy\/es\/index.php?rest_route=\/wp\/v2\/users\/1"}],"replies":[{"embeddable":true,"href":"https:\/\/archive.sana.sy\/es\/index.php?rest_route=%2Fwp%2Fv2%2Fcomments&post=109997"}],"version-history":[{"count":0,"href":"https:\/\/archive.sana.sy\/es\/index.php?rest_route=\/wp\/v2\/posts\/109997\/revisions"}],"wp:featuredmedia":[{"embeddable":true,"href":"https:\/\/archive.sana.sy\/es\/index.php?rest_route=\/wp\/v2\/media\/109998"}],"wp:attachment":[{"href":"https:\/\/archive.sana.sy\/es\/index.php?rest_route=%2Fwp%2Fv2%2Fmedia&parent=109997"}],"wp:term":[{"taxonomy":"category","embeddable":true,"href":"https:\/\/archive.sana.sy\/es\/index.php?rest_route=%2Fwp%2Fv2%2Fcategories&post=109997"},{"taxonomy":"post_tag","embeddable":true,"href":"https:\/\/archive.sana.sy\/es\/index.php?rest_route=%2Fwp%2Fv2%2Ftags&post=109997"}],"curies":[{"name":"wp","href":"https:\/\/api.w.org\/{rel}","templated":true}]}}