{"id":110070,"date":"2019-07-07T08:50:21","date_gmt":"2019-07-07T05:50:21","guid":{"rendered":"https:\/\/sana.sy\/es\/?p=110070"},"modified":"2019-07-07T14:07:41","modified_gmt":"2019-07-07T11:07:41","slug":"habitantes-de-hama-ratifican-su-lealtad-al-golan-y-su-solidaridad-con-sus-pobladores","status":"publish","type":"post","link":"https:\/\/archive.sana.sy\/es\/?p=110070","title":{"rendered":"Habitantes de Hama ratifican su lealtad al Gol\u00e1n y su solidaridad con sus pobladores"},"content":{"rendered":"<p style=\"text-align: justify;\"><span style=\"color: #800000;\">Hama, SANA<\/span><\/p>\n<p style=\"text-align: justify;\">Con la participaci\u00f3n de miles de ciudadanos y representantes de partidos, organizaciones juveniles y diferentes instituciones estatales, los habitantes de la provincia de Hama protagonizaron una actividad patri\u00f3tica para firmar el m\u00e1s largo mensaje de fidelidad y apego al Gol\u00e1n sirio ocupado y de solidaridad con la poblaci\u00f3n golanesa que se mantiene firme y apegada a su identidad \u00e1rabe siria.<\/p>\n<p style=\"text-align: justify;\">Los participantes en la actividad que se realiz\u00f3 frente a la sede de Gobernaci\u00f3n, subrayaron que \u201cel Gol\u00e1n ocupado es y ser\u00e1 para siempre un territorio sirio y se recuperar\u00e1 por muy largo que dure la ocupaci\u00f3n&#8221;.<\/p>\n<p style=\"text-align: justify;\">Enfatizaron que las pr\u00e1cticas sionistas son incompatibles con los hechos hist\u00f3ricos y geogr\u00e1ficos, y tambi\u00e9n van en contra de las resoluciones de la legalidad internacional.<\/p>\n<p style=\"text-align: justify;\">La actividad titulada \u201cel Gol\u00e1n es \u00e1rabe sirio y lo seguir\u00e1 siendo\u201d se llev\u00f3 a cabo por iniciativa del equipo Yalla Sawa \u201cvamos juntos\u201d integrado por 14 damas de todas las provincias, y quienes reunir\u00e1n las firmas sobre un rol de 1000 metros de largo y 150 cm de ancho.<\/p>\n<p style=\"text-align: justify;\">La iniciativa comenz\u00f3 en la provincia de Sweida y luego pasar\u00e1 a Deraa, Homs y las dem\u00e1s provincias para reunir tres millones de firmas.<\/p>\n<p style=\"text-align: justify;\">El mensaje ser\u00e1 entregado al representante de la ONU en Damasco como expresi\u00f3n de rechazo de los sirios a la proclama de Trump sobre el Gol\u00e1n sirio ocupado.<\/p>\n<p><span style=\"color: #0000ff;\">R. Sh.\/ F. M.\/ R. R.\/ Dr. A. Sh.<\/span><\/p>\n<p><img decoding=\"async\" src=\"http:\/\/www.sana.sy\/wp-content\/uploads\/2019\/07\/88-8-300x213.jpg\" \/> <img decoding=\"async\" src=\"http:\/\/www.sana.sy\/wp-content\/uploads\/2019\/07\/99-4-300x200.jpg\" \/><\/p>\n","protected":false},"excerpt":{"rendered":"<p>Hama, SANA Con la participaci\u00f3n de miles de ciudadanos y representantes de partidos, organizaciones juveniles y diferentes instituciones estatales, los habitantes de la provincia de Hama protagonizaron una actividad patri\u00f3tica para firmar el m\u00e1s largo mensaje de fidelidad y apego al Gol\u00e1n sirio ocupado y de solidaridad con la poblaci\u00f3n golanesa que se mantiene firme &hellip;<\/p>\n","protected":false},"author":1,"featured_media":110071,"comment_status":"closed","ping_status":"closed","sticky":false,"template":"","format":"standard","meta":{"footnotes":""},"categories":[597,476,7541],"tags":[15871],"class_list":["post-110070","post","type-post","status-publish","format-standard","has-post-thumbnail","","category-cinta-de-noticias","category-locales","category-ultimas-noticias","tag-habitantes-de-hama-ratifican-su-lealtad-al-golan-y-su-solidaridad-con-sus-pobladores"],"_links":{"self":[{"href":"https:\/\/archive.sana.sy\/es\/index.php?rest_route=\/wp\/v2\/posts\/110070"}],"collection":[{"href":"https:\/\/archive.sana.sy\/es\/index.php?rest_route=\/wp\/v2\/posts"}],"about":[{"href":"https:\/\/archive.sana.sy\/es\/index.php?rest_route=\/wp\/v2\/types\/post"}],"author":[{"embeddable":true,"href":"https:\/\/archive.sana.sy\/es\/index.php?rest_route=\/wp\/v2\/users\/1"}],"replies":[{"embeddable":true,"href":"https:\/\/archive.sana.sy\/es\/index.php?rest_route=%2Fwp%2Fv2%2Fcomments&post=110070"}],"version-history":[{"count":0,"href":"https:\/\/archive.sana.sy\/es\/index.php?rest_route=\/wp\/v2\/posts\/110070\/revisions"}],"wp:featuredmedia":[{"embeddable":true,"href":"https:\/\/archive.sana.sy\/es\/index.php?rest_route=\/wp\/v2\/media\/110071"}],"wp:attachment":[{"href":"https:\/\/archive.sana.sy\/es\/index.php?rest_route=%2Fwp%2Fv2%2Fmedia&parent=110070"}],"wp:term":[{"taxonomy":"category","embeddable":true,"href":"https:\/\/archive.sana.sy\/es\/index.php?rest_route=%2Fwp%2Fv2%2Fcategories&post=110070"},{"taxonomy":"post_tag","embeddable":true,"href":"https:\/\/archive.sana.sy\/es\/index.php?rest_route=%2Fwp%2Fv2%2Ftags&post=110070"}],"curies":[{"name":"wp","href":"https:\/\/api.w.org\/{rel}","templated":true}]}}