{"id":110080,"date":"2019-07-07T10:17:31","date_gmt":"2019-07-07T07:17:31","guid":{"rendered":"https:\/\/sana.sy\/es\/?p=110080"},"modified":"2023-01-10T15:09:59","modified_gmt":"2023-01-10T13:09:59","slug":"comienza-la-feria-de-industrias-de-alimentos-food-expo-2019","status":"publish","type":"post","link":"https:\/\/archive.sana.sy\/es\/?p=110080","title":{"rendered":"Comienza la feria de industrias de alimentos (Food-Expo 2019)"},"content":{"rendered":"<p style=\"text-align: justify;\"><span style=\"color: #800000;\">Damasco, SANA<\/span><\/p>\n<p style=\"text-align: justify;\">Comenz\u00f3 en el recinto ferial de Expo-Damasco, la 15\u00aa edici\u00f3n de la Feria de Industrias de Alimentos (Food-Expo 2019).<\/p>\n<p style=\"text-align: justify;\">Participan en la feria que continuar\u00e1 hasta el d\u00eda 9 de este mes, 75 empresas nacionales especializadas en la industria de alimentos, adem\u00e1s de otras compa\u00f1\u00edas de pa\u00edses como el L\u00edbano, Ir\u00e1n y Emiratos \u00c1rabes Unidos.<\/p>\n<p style=\"text-align: justify;\">El ministro de Industria, Mohamed Maan Zine Abidine Jahba, destac\u00f3 en declaraciones a la prensa, la importancia de este evento en promover y comercializar los productos de las industrias alimentarias nacionales que no se han detenido a pesar de los desaf\u00edos y las dificultades.<\/p>\n<p style=\"text-align: justify;\">A su vez, el presidente de la C\u00e1mara de Comercio de Damasco, Amer Kharbotli, ratific\u00f3 el apoyo de las c\u00e1maras de industria y comercio a toda iniciativa que busca promover los productos nacionales.<\/p>\n<p style=\"text-align: justify;\">Seg\u00fan el Gerente General del Grupo Delta de Econom\u00eda y Negocios, Ghayath Shamma, la feria se desarrolla desde hace 15 a\u00f1os y contribuye a la promoci\u00f3n y comercializaci\u00f3n de los productos nacionales y su exportaci\u00f3n a los mercados extranjeros.<\/p>\n<p><span style=\"color: #0000ff;\">F. Marouf\/ Dr. A. Shaban<\/span><\/p>\n<p><img decoding=\"async\" src=\"https:\/\/www.sana.sy\/wp-content\/uploads\/2019\/07\/17-11.jpg\" \/><\/p>\n<p><img decoding=\"async\" src=\"https:\/\/www.sana.sy\/wp-content\/uploads\/2019\/07\/7-36.jpg\" \/><\/p>\n<p><img decoding=\"async\" src=\"https:\/\/www.sana.sy\/wp-content\/uploads\/2019\/07\/10-21.jpg\" \/><\/p>\n<p><img decoding=\"async\" src=\"https:\/\/www.sana.sy\/wp-content\/uploads\/2019\/07\/16-8.jpg\" \/><\/p>\n<p><img decoding=\"async\" src=\"https:\/\/www.sana.sy\/wp-content\/uploads\/2019\/07\/11-30.jpg\" \/><\/p>\n<p><img decoding=\"async\" src=\"https:\/\/www.sana.sy\/wp-content\/uploads\/2019\/07\/12-17.jpg\" \/><\/p>\n<p><img decoding=\"async\" src=\"https:\/\/www.sana.sy\/wp-content\/uploads\/2019\/07\/15-10.jpg\" \/><\/p>\n<p><img decoding=\"async\" src=\"https:\/\/www.sana.sy\/wp-content\/uploads\/2019\/07\/14-11.jpg\" \/><\/p>\n<p><img decoding=\"async\" src=\"https:\/\/www.sana.sy\/wp-content\/uploads\/2019\/07\/8-26.jpg\" \/><\/p>\n<p><img decoding=\"async\" src=\"https:\/\/www.sana.sy\/wp-content\/uploads\/2019\/07\/9-19.jpg\" \/><\/p>\n","protected":false},"excerpt":{"rendered":"<p>Damasco, SANA Comenz\u00f3 en el recinto ferial de Expo-Damasco, la 15\u00aa edici\u00f3n de la Feria de Industrias de Alimentos (Food-Expo 2019). Participan en la feria que continuar\u00e1 hasta el d\u00eda 9 de este mes, 75 empresas nacionales especializadas en la industria de alimentos, adem\u00e1s de otras compa\u00f1\u00edas de pa\u00edses como el L\u00edbano, Ir\u00e1n y Emiratos &hellip;<\/p>\n","protected":false},"author":1,"featured_media":110081,"comment_status":"closed","ping_status":"closed","sticky":false,"template":"","format":"standard","meta":{"footnotes":""},"categories":[597,485,476,7541],"tags":[15874],"class_list":["post-110080","post","type-post","status-publish","format-standard","has-post-thumbnail","","category-cinta-de-noticias","category-informes-negocios-y-finanzas","category-locales","category-ultimas-noticias","tag-comienza-la-feria-de-industrias-de-alimentos-food-expo-2019"],"_links":{"self":[{"href":"https:\/\/archive.sana.sy\/es\/index.php?rest_route=\/wp\/v2\/posts\/110080"}],"collection":[{"href":"https:\/\/archive.sana.sy\/es\/index.php?rest_route=\/wp\/v2\/posts"}],"about":[{"href":"https:\/\/archive.sana.sy\/es\/index.php?rest_route=\/wp\/v2\/types\/post"}],"author":[{"embeddable":true,"href":"https:\/\/archive.sana.sy\/es\/index.php?rest_route=\/wp\/v2\/users\/1"}],"replies":[{"embeddable":true,"href":"https:\/\/archive.sana.sy\/es\/index.php?rest_route=%2Fwp%2Fv2%2Fcomments&post=110080"}],"version-history":[{"count":0,"href":"https:\/\/archive.sana.sy\/es\/index.php?rest_route=\/wp\/v2\/posts\/110080\/revisions"}],"wp:featuredmedia":[{"embeddable":true,"href":"https:\/\/archive.sana.sy\/es\/index.php?rest_route=\/wp\/v2\/media\/110081"}],"wp:attachment":[{"href":"https:\/\/archive.sana.sy\/es\/index.php?rest_route=%2Fwp%2Fv2%2Fmedia&parent=110080"}],"wp:term":[{"taxonomy":"category","embeddable":true,"href":"https:\/\/archive.sana.sy\/es\/index.php?rest_route=%2Fwp%2Fv2%2Fcategories&post=110080"},{"taxonomy":"post_tag","embeddable":true,"href":"https:\/\/archive.sana.sy\/es\/index.php?rest_route=%2Fwp%2Fv2%2Ftags&post=110080"}],"curies":[{"name":"wp","href":"https:\/\/api.w.org\/{rel}","templated":true}]}}