{"id":110083,"date":"2019-07-07T12:11:02","date_gmt":"2019-07-07T09:11:02","guid":{"rendered":"https:\/\/sana.sy\/es\/?p=110083"},"modified":"2019-07-07T16:08:10","modified_gmt":"2019-07-07T13:08:10","slug":"comienza-el-retorno-de-desplazados-a-qusseir-en-provincia-de-homs","status":"publish","type":"post","link":"https:\/\/archive.sana.sy\/es\/?p=110083","title":{"rendered":"Comienza el retorno de desplazados a Qusseir en provincia de Homs"},"content":{"rendered":"<p class=\"m_355321595182223352ydp307116c4MsoNormal\" style=\"text-align: justify;\"><span style=\"color: #800000;\">Homs, SANA<\/span><\/p>\n<p class=\"m_355321595182223352ydp307116c4MsoNormal\" style=\"text-align: justify;\">Comenz\u00f3 este domingo el proceso de retorno de decenas de familias desplazadas a sus casas en el municipio de Qusseir, en el campo oeste de Homs, cerca de la frontera con el L\u00edbano.<\/p>\n<p class=\"m_355321595182223352ydp307116c4MsoNormal\" style=\"text-align: justify;\">Las autoridades de la gobernaci\u00f3n de Homs hab\u00edan garantizado todas las condiciones necesarias para el retorno de los desplazados, en particular los centros educativos y m\u00e9dicos.<\/p>\n<p style=\"text-align: justify;\"><span style=\"color: #0000ff;\">F. Marouf\/ E. Dubian<\/span><\/p>\n<div id='gallery-1' class='gallery galleryid-110083 gallery-columns-1 gallery-size-full'><figure class='gallery-item'>\n\t\t\t<div class='gallery-icon landscape'>\n\t\t\t\t<a href='https:\/\/archive.sana.sy\/es\/wp-content\/uploads\/2019\/07\/4-46.jpg'><img loading=\"lazy\" decoding=\"async\" width=\"660\" height=\"330\" src=\"https:\/\/archive.sana.sy\/es\/wp-content\/uploads\/2019\/07\/4-46.jpg\" class=\"attachment-full size-full\" alt=\"\" srcset=\"https:\/\/archive.sana.sy\/es\/wp-content\/uploads\/2019\/07\/4-46.jpg 660w, https:\/\/archive.sana.sy\/es\/wp-content\/uploads\/2019\/07\/4-46-150x75.jpg 150w, https:\/\/archive.sana.sy\/es\/wp-content\/uploads\/2019\/07\/4-46-300x150.jpg 300w\" sizes=\"(max-width: 660px) 100vw, 660px\" \/><\/a>\n\t\t\t<\/div><\/figure><figure class='gallery-item'>\n\t\t\t<div class='gallery-icon landscape'>\n\t\t\t\t<a href='https:\/\/archive.sana.sy\/es\/wp-content\/uploads\/2019\/07\/6-37.jpg'><img loading=\"lazy\" decoding=\"async\" width=\"660\" height=\"370\" src=\"https:\/\/archive.sana.sy\/es\/wp-content\/uploads\/2019\/07\/6-37.jpg\" class=\"attachment-full size-full\" alt=\"\" srcset=\"https:\/\/archive.sana.sy\/es\/wp-content\/uploads\/2019\/07\/6-37.jpg 660w, https:\/\/archive.sana.sy\/es\/wp-content\/uploads\/2019\/07\/6-37-150x84.jpg 150w, https:\/\/archive.sana.sy\/es\/wp-content\/uploads\/2019\/07\/6-37-300x168.jpg 300w\" sizes=\"(max-width: 660px) 100vw, 660px\" \/><\/a>\n\t\t\t<\/div><\/figure><figure class='gallery-item'>\n\t\t\t<div class='gallery-icon landscape'>\n\t\t\t\t<a href='https:\/\/archive.sana.sy\/es\/wp-content\/uploads\/2019\/07\/7-37.jpg'><img loading=\"lazy\" decoding=\"async\" width=\"660\" height=\"370\" src=\"https:\/\/archive.sana.sy\/es\/wp-content\/uploads\/2019\/07\/7-37.jpg\" class=\"attachment-full size-full\" alt=\"\" srcset=\"https:\/\/archive.sana.sy\/es\/wp-content\/uploads\/2019\/07\/7-37.jpg 660w, https:\/\/archive.sana.sy\/es\/wp-content\/uploads\/2019\/07\/7-37-150x84.jpg 150w, https:\/\/archive.sana.sy\/es\/wp-content\/uploads\/2019\/07\/7-37-300x168.jpg 300w\" sizes=\"(max-width: 660px) 100vw, 660px\" \/><\/a>\n\t\t\t<\/div><\/figure><figure class='gallery-item'>\n\t\t\t<div class='gallery-icon landscape'>\n\t\t\t\t<a href='https:\/\/archive.sana.sy\/es\/wp-content\/uploads\/2019\/07\/8-27.jpg'><img loading=\"lazy\" decoding=\"async\" width=\"660\" height=\"370\" src=\"https:\/\/archive.sana.sy\/es\/wp-content\/uploads\/2019\/07\/8-27.jpg\" class=\"attachment-full size-full\" alt=\"\" srcset=\"https:\/\/archive.sana.sy\/es\/wp-content\/uploads\/2019\/07\/8-27.jpg 660w, https:\/\/archive.sana.sy\/es\/wp-content\/uploads\/2019\/07\/8-27-150x84.jpg 150w, https:\/\/archive.sana.sy\/es\/wp-content\/uploads\/2019\/07\/8-27-300x168.jpg 300w\" sizes=\"(max-width: 660px) 100vw, 660px\" \/><\/a>\n\t\t\t<\/div><\/figure><figure class='gallery-item'>\n\t\t\t<div class='gallery-icon landscape'>\n\t\t\t\t<a href='https:\/\/archive.sana.sy\/es\/wp-content\/uploads\/2019\/07\/9-20.jpg'><img loading=\"lazy\" decoding=\"async\" width=\"660\" height=\"370\" src=\"https:\/\/archive.sana.sy\/es\/wp-content\/uploads\/2019\/07\/9-20.jpg\" class=\"attachment-full size-full\" alt=\"\" srcset=\"https:\/\/archive.sana.sy\/es\/wp-content\/uploads\/2019\/07\/9-20.jpg 660w, https:\/\/archive.sana.sy\/es\/wp-content\/uploads\/2019\/07\/9-20-150x84.jpg 150w, https:\/\/archive.sana.sy\/es\/wp-content\/uploads\/2019\/07\/9-20-300x168.jpg 300w\" sizes=\"(max-width: 660px) 100vw, 660px\" \/><\/a>\n\t\t\t<\/div><\/figure>\n\t\t<\/div>\n\n","protected":false},"excerpt":{"rendered":"<p>Homs, SANA Comenz\u00f3 este domingo el proceso de retorno de decenas de familias desplazadas a sus casas en el municipio de Qusseir, en el campo oeste de Homs, cerca de la frontera con el L\u00edbano. Las autoridades de la gobernaci\u00f3n de Homs hab\u00edan garantizado todas las condiciones necesarias para el retorno de los desplazados, en &hellip;<\/p>\n","protected":false},"author":32,"featured_media":110119,"comment_status":"closed","ping_status":"closed","sticky":false,"template":"","format":"standard","meta":{"footnotes":""},"categories":[597,476,7541],"tags":[15875],"class_list":["post-110083","post","type-post","status-publish","format-standard","has-post-thumbnail","","category-cinta-de-noticias","category-locales","category-ultimas-noticias","tag-comienza-el-retorno-de-desplazados-a-qusseir-en-provincia-de-homs"],"_links":{"self":[{"href":"https:\/\/archive.sana.sy\/es\/index.php?rest_route=\/wp\/v2\/posts\/110083"}],"collection":[{"href":"https:\/\/archive.sana.sy\/es\/index.php?rest_route=\/wp\/v2\/posts"}],"about":[{"href":"https:\/\/archive.sana.sy\/es\/index.php?rest_route=\/wp\/v2\/types\/post"}],"author":[{"embeddable":true,"href":"https:\/\/archive.sana.sy\/es\/index.php?rest_route=\/wp\/v2\/users\/32"}],"replies":[{"embeddable":true,"href":"https:\/\/archive.sana.sy\/es\/index.php?rest_route=%2Fwp%2Fv2%2Fcomments&post=110083"}],"version-history":[{"count":0,"href":"https:\/\/archive.sana.sy\/es\/index.php?rest_route=\/wp\/v2\/posts\/110083\/revisions"}],"wp:featuredmedia":[{"embeddable":true,"href":"https:\/\/archive.sana.sy\/es\/index.php?rest_route=\/wp\/v2\/media\/110119"}],"wp:attachment":[{"href":"https:\/\/archive.sana.sy\/es\/index.php?rest_route=%2Fwp%2Fv2%2Fmedia&parent=110083"}],"wp:term":[{"taxonomy":"category","embeddable":true,"href":"https:\/\/archive.sana.sy\/es\/index.php?rest_route=%2Fwp%2Fv2%2Fcategories&post=110083"},{"taxonomy":"post_tag","embeddable":true,"href":"https:\/\/archive.sana.sy\/es\/index.php?rest_route=%2Fwp%2Fv2%2Ftags&post=110083"}],"curies":[{"name":"wp","href":"https:\/\/api.w.org\/{rel}","templated":true}]}}