{"id":110110,"date":"2019-07-07T13:46:50","date_gmt":"2019-07-07T10:46:50","guid":{"rendered":"https:\/\/sana.sy\/es\/?p=110110"},"modified":"2019-07-07T13:57:06","modified_gmt":"2019-07-07T10:57:06","slug":"empresas-venezolanas-confirman-su-participacion-en-la-61-edicion-de-la-feria-internacional-de-damasco","status":"publish","type":"post","link":"https:\/\/archive.sana.sy\/es\/?p=110110","title":{"rendered":"Empresas venezolanas confirman su participaci\u00f3n en la 61 edici\u00f3n de la Feria Internacional de Damasco"},"content":{"rendered":"<p style=\"text-align: justify;\"><span style=\"color: #800000;\">Damasco, SANA<\/span><\/p>\n<p style=\"text-align: justify;\">El embajador de la Rep\u00fablica Bolivariana de Venezuela en Damasco, Jos\u00e9 Gregorio Biomorgi Muzattiz, afirm\u00f3 que hay una voluntad conjunta para promover las relaciones econ\u00f3micas entre Venezuela y Siria, y elevarlas al nivel de los nexos pol\u00edticos.<\/p>\n<p style=\"text-align: justify;\">En una declaraci\u00f3n a SANA, el embajador venezolano confirm\u00f3 la participaci\u00f3n su pa\u00eds en la pr\u00f3xima edici\u00f3n de la Feria Internacional de Damasco, que calific\u00f3 de un trascendente evento econ\u00f3mico y una oportunidad para fortalecer las relaciones econ\u00f3micas bilaterales y brindar apoyo en los diferentes campos, particularmente en la reconstrucci\u00f3n y la producci\u00f3n.<\/p>\n<p style=\"text-align: justify;\">Seg\u00fan el diplom\u00e1tico venezolano, se est\u00e1 coordinando con un grupo de compa\u00f1\u00edas y empresarios en su pa\u00eds para incentivarlos a estar presentes en la Feria.<\/p>\n<p style=\"text-align: justify;\">&#8220;Varias empresas confirmaron su deseo de participar en la 61 edici\u00f3n de la feria, y son empresas especializadas en la energ\u00eda, los medicamentos, los alimentos y la reconstrucci\u00f3n&#8221;, concluy\u00f3 Biomorgi.<\/p>\n<p style=\"text-align: justify;\"><span style=\"color: #0000ff;\">E. Dubian\/ F. Marouf<\/span><\/p>\n","protected":false},"excerpt":{"rendered":"<p>Damasco, SANA El embajador de la Rep\u00fablica Bolivariana de Venezuela en Damasco, Jos\u00e9 Gregorio Biomorgi Muzattiz, afirm\u00f3 que hay una voluntad conjunta para promover las relaciones econ\u00f3micas entre Venezuela y Siria, y elevarlas al nivel de los nexos pol\u00edticos. En una declaraci\u00f3n a SANA, el embajador venezolano confirm\u00f3 la participaci\u00f3n su pa\u00eds en la pr\u00f3xima &hellip;<\/p>\n","protected":false},"author":32,"featured_media":110111,"comment_status":"closed","ping_status":"closed","sticky":false,"template":"","format":"standard","meta":{"footnotes":""},"categories":[597,476,7541],"tags":[15879],"class_list":["post-110110","post","type-post","status-publish","format-standard","has-post-thumbnail","","category-cinta-de-noticias","category-locales","category-ultimas-noticias","tag-empresas-venezolanas-confirman-su-participacion-en-la-61-edicion-de-la-feria-internacional-de-damasco"],"_links":{"self":[{"href":"https:\/\/archive.sana.sy\/es\/index.php?rest_route=\/wp\/v2\/posts\/110110"}],"collection":[{"href":"https:\/\/archive.sana.sy\/es\/index.php?rest_route=\/wp\/v2\/posts"}],"about":[{"href":"https:\/\/archive.sana.sy\/es\/index.php?rest_route=\/wp\/v2\/types\/post"}],"author":[{"embeddable":true,"href":"https:\/\/archive.sana.sy\/es\/index.php?rest_route=\/wp\/v2\/users\/32"}],"replies":[{"embeddable":true,"href":"https:\/\/archive.sana.sy\/es\/index.php?rest_route=%2Fwp%2Fv2%2Fcomments&post=110110"}],"version-history":[{"count":0,"href":"https:\/\/archive.sana.sy\/es\/index.php?rest_route=\/wp\/v2\/posts\/110110\/revisions"}],"wp:featuredmedia":[{"embeddable":true,"href":"https:\/\/archive.sana.sy\/es\/index.php?rest_route=\/wp\/v2\/media\/110111"}],"wp:attachment":[{"href":"https:\/\/archive.sana.sy\/es\/index.php?rest_route=%2Fwp%2Fv2%2Fmedia&parent=110110"}],"wp:term":[{"taxonomy":"category","embeddable":true,"href":"https:\/\/archive.sana.sy\/es\/index.php?rest_route=%2Fwp%2Fv2%2Fcategories&post=110110"},{"taxonomy":"post_tag","embeddable":true,"href":"https:\/\/archive.sana.sy\/es\/index.php?rest_route=%2Fwp%2Fv2%2Ftags&post=110110"}],"curies":[{"name":"wp","href":"https:\/\/api.w.org\/{rel}","templated":true}]}}