{"id":110498,"date":"2019-07-14T13:35:33","date_gmt":"2019-07-14T10:35:33","guid":{"rendered":"https:\/\/sana.sy\/es\/?p=110498"},"modified":"2019-07-14T13:35:33","modified_gmt":"2019-07-14T10:35:33","slug":"despues-de-enfrentar-el-terrorismo-durante-ocho-anos-un-soldado-fue-martirizado-con-su-hijo-y-su-esposa-en-la-agresion-israeli","status":"publish","type":"post","link":"https:\/\/archive.sana.sy\/es\/?p=110498","title":{"rendered":"Despu\u00e9s de enfrentar el terrorismo durante ocho a\u00f1os, un soldado fue martirizado con su hijo y su esposa en la agresi\u00f3n israel\u00ed"},"content":{"rendered":"<p><span style=\"color: #800000;\">Palestina, SANA<\/span><\/p>\n<p><iframe loading=\"lazy\" title=\"\u062c\u0646\u062f\u064a \u0648\u0627\u062c\u0647 \u0627\u0644\u0625\u0631\u0647\u0627\u0628 \u0644\u062b\u0645\u0627\u0646\u064a \u0633\u0646\u0648\u0627\u062a \u0648\u0627\u0633\u062a\u0634\u0647\u062f \u0645\u0639 \u0637\u0641\u0644\u0647 \u0648\u0632\u0648\u062c\u062a\u0647 \u0641\u064a \u0639\u062f\u0648\u0627\u0646 \u0625\u0633\u0631\u0627\u0626\u064a\u0644\u064a \u063a\u0627\u062f\u0631\" width=\"618\" height=\"348\" src=\"https:\/\/www.youtube.com\/embed\/Vnhf3F7C2lw?feature=oembed\" frameborder=\"0\" allow=\"accelerometer; autoplay; clipboard-write; encrypted-media; gyroscope; picture-in-picture; web-share\" referrerpolicy=\"strict-origin-when-cross-origin\" allowfullscreen><\/iframe><\/p>\n<p><span style=\"color: #0000ff;\">E. Dubian<\/span><\/p>\n","protected":false},"excerpt":{"rendered":"<p>Palestina, SANA E. Dubian<\/p>\n","protected":false},"author":32,"featured_media":110499,"comment_status":"closed","ping_status":"closed","sticky":false,"template":"","format":"standard","meta":{"footnotes":""},"categories":[624],"tags":[15935],"class_list":["post-110498","post","type-post","status-publish","format-standard","has-post-thumbnail","","category-video-sana","tag-despues-de-enfrentar-el-terrorismo-durante-ocho-anos-un-soldado-fue-martirizado-con-su-hijo-y-su-esposa-en-la-agresion-israeli"],"_links":{"self":[{"href":"https:\/\/archive.sana.sy\/es\/index.php?rest_route=\/wp\/v2\/posts\/110498"}],"collection":[{"href":"https:\/\/archive.sana.sy\/es\/index.php?rest_route=\/wp\/v2\/posts"}],"about":[{"href":"https:\/\/archive.sana.sy\/es\/index.php?rest_route=\/wp\/v2\/types\/post"}],"author":[{"embeddable":true,"href":"https:\/\/archive.sana.sy\/es\/index.php?rest_route=\/wp\/v2\/users\/32"}],"replies":[{"embeddable":true,"href":"https:\/\/archive.sana.sy\/es\/index.php?rest_route=%2Fwp%2Fv2%2Fcomments&post=110498"}],"version-history":[{"count":0,"href":"https:\/\/archive.sana.sy\/es\/index.php?rest_route=\/wp\/v2\/posts\/110498\/revisions"}],"wp:featuredmedia":[{"embeddable":true,"href":"https:\/\/archive.sana.sy\/es\/index.php?rest_route=\/wp\/v2\/media\/110499"}],"wp:attachment":[{"href":"https:\/\/archive.sana.sy\/es\/index.php?rest_route=%2Fwp%2Fv2%2Fmedia&parent=110498"}],"wp:term":[{"taxonomy":"category","embeddable":true,"href":"https:\/\/archive.sana.sy\/es\/index.php?rest_route=%2Fwp%2Fv2%2Fcategories&post=110498"},{"taxonomy":"post_tag","embeddable":true,"href":"https:\/\/archive.sana.sy\/es\/index.php?rest_route=%2Fwp%2Fv2%2Ftags&post=110498"}],"curies":[{"name":"wp","href":"https:\/\/api.w.org\/{rel}","templated":true}]}}