{"id":110507,"date":"2019-07-14T17:08:51","date_gmt":"2019-07-14T14:08:51","guid":{"rendered":"https:\/\/sana.sy\/es\/?p=110507"},"modified":"2019-07-15T08:21:30","modified_gmt":"2019-07-15T05:21:30","slug":"nina-herida-en-ataque-terrorista-con-cohetes-en-alepo","status":"publish","type":"post","link":"https:\/\/archive.sana.sy\/es\/?p=110507","title":{"rendered":"Mueren seis civiles en bombardeos terroristas contra ciudad de Alepo"},"content":{"rendered":"<p style=\"text-align: justify\"><span style=\"color: #800000\">Alepo, SANA<\/span><\/p>\n<p style=\"text-align: justify\">Seis civiles perdieron la vida y otros ocho fueron lesionados en bombardeos terroristas con cohetes contra la ciudad de Alepo.<\/p>\n<p style=\"text-align: justify\">El corresponsal de SANA inform\u00f3 que los radicales lanzaron cohetes contra los barrios de Halab Jadidah y Menian, lo que caus\u00f3 la muerte inmediata de seis civiles mientras otros 8 resultaron heridos y fueron ingresados en los hospitales para recibir tratamiento.<\/p>\n<p style=\"text-align: justify\">Los bombardeos provocaron, adem\u00e1s, considerables da\u00f1os materiales en las casas y propiedades p\u00fablicas y particulares.<\/p>\n<p style=\"text-align: justify\">Esta masacre sucede pocas horas despu\u00e9s de que una ni\u00f1a resultara herida en un ataque con cohete contra la sede del ayuntamiento de Alepo.<\/p>\n<p style=\"text-align: justify\">Los grupos terroristas a\u00fan mantienen posiciones en algunas zonas al oeste de Alepo donde reciben un p\u00fablico apoyo por parte del gobierno turco.<\/p>\n<p style=\"text-align: justify\"><span style=\"color: #0000ff\">F. Marouf\/ Dr. A. Shaban<\/span><\/p>\n","protected":false},"excerpt":{"rendered":"<p>Alepo, SANA Seis civiles perdieron la vida y otros ocho fueron lesionados en bombardeos terroristas con cohetes contra la ciudad de Alepo. El corresponsal de SANA inform\u00f3 que los radicales lanzaron cohetes contra los barrios de Halab Jadidah y Menian, lo que caus\u00f3 la muerte inmediata de seis civiles mientras otros 8 resultaron heridos y &hellip;<\/p>\n","protected":false},"author":32,"featured_media":110524,"comment_status":"closed","ping_status":"closed","sticky":false,"template":"","format":"standard","meta":{"footnotes":""},"categories":[597,573,583],"tags":[15940],"class_list":["post-110507","post","type-post","status-publish","format-standard","has-post-thumbnail","","category-cinta-de-noticias","category-la-realidad-de-los-acontecimientos-en-siria","category-slide","tag-mueren-seis-civiles-en-bombardeos-terroristas-contra-ciudad-de-alepo"],"_links":{"self":[{"href":"https:\/\/archive.sana.sy\/es\/index.php?rest_route=\/wp\/v2\/posts\/110507"}],"collection":[{"href":"https:\/\/archive.sana.sy\/es\/index.php?rest_route=\/wp\/v2\/posts"}],"about":[{"href":"https:\/\/archive.sana.sy\/es\/index.php?rest_route=\/wp\/v2\/types\/post"}],"author":[{"embeddable":true,"href":"https:\/\/archive.sana.sy\/es\/index.php?rest_route=\/wp\/v2\/users\/32"}],"replies":[{"embeddable":true,"href":"https:\/\/archive.sana.sy\/es\/index.php?rest_route=%2Fwp%2Fv2%2Fcomments&post=110507"}],"version-history":[{"count":0,"href":"https:\/\/archive.sana.sy\/es\/index.php?rest_route=\/wp\/v2\/posts\/110507\/revisions"}],"wp:featuredmedia":[{"embeddable":true,"href":"https:\/\/archive.sana.sy\/es\/index.php?rest_route=\/wp\/v2\/media\/110524"}],"wp:attachment":[{"href":"https:\/\/archive.sana.sy\/es\/index.php?rest_route=%2Fwp%2Fv2%2Fmedia&parent=110507"}],"wp:term":[{"taxonomy":"category","embeddable":true,"href":"https:\/\/archive.sana.sy\/es\/index.php?rest_route=%2Fwp%2Fv2%2Fcategories&post=110507"},{"taxonomy":"post_tag","embeddable":true,"href":"https:\/\/archive.sana.sy\/es\/index.php?rest_route=%2Fwp%2Fv2%2Ftags&post=110507"}],"curies":[{"name":"wp","href":"https:\/\/api.w.org\/{rel}","templated":true}]}}