{"id":110510,"date":"2019-07-14T17:15:07","date_gmt":"2019-07-14T14:15:07","guid":{"rendered":"https:\/\/sana.sy\/es\/?p=110510"},"modified":"2023-01-09T14:08:44","modified_gmt":"2023-01-09T12:08:44","slug":"misa-en-la-iglesia-de-la-virgen-maria-en-qamishli-permaneceremos-en-nuestra-tierra-y-no-temeremos-el-terrorismo","status":"publish","type":"post","link":"https:\/\/archive.sana.sy\/es\/?p=110510","title":{"rendered":"Misa en la Iglesia de la Virgen Mar\u00eda en Qamishli: permaneceremos en nuestra tierra y no temeremos el terrorismo"},"content":{"rendered":"<p style=\"text-align: justify;\"><span style=\"color: #800000;\">Al Hasakah, SANA<\/span><\/p>\n<p style=\"text-align: justify;\">Una misa y oraciones se llevaron a cabo en la Iglesia de la Virgen Mar\u00eda perteneciente a la Ortodoxia Sir\u00edaca en la ciudad de Qamishli hoy, durante la cual se reafirm\u00f3 el apego a la tierra tres d\u00edas despu\u00e9s de que la iglesia fuera atacada por un coche bomba.<\/p>\n<p style=\"text-align: justify;\">Los participantes en la misa, encabezados por el obispo Maurice y un grupo de sacerdotes, confirmaron su apego a la tierra sin importar lo que intentara el terrorismo para socavar su firmeza, y consideraron el bombardeo terrorista que atac\u00f3 a la iglesia hace tres d\u00edas como un intento de aterrorizarlos, infundir miedo en sus corazones, desestabilizar y golpear el tejido nacional que la ciudad disfruta, se\u00f1alando que la misa de hoy transmite un mensaje a todo el mundo: que estamos firmes en esta tierra.<\/p>\n<p style=\"text-align: justify;\">En una declaraci\u00f3n al corresponsal de SANA, el obispo dijo que el acto criminal que atent\u00f3 contra la iglesia va en marco de los repetidos intentos del terrorismo.<\/p>\n<p style=\"text-align: justify;\">Por su parte, el sacerdote de la Iglesia de la Virgen Mar\u00eda, el padre Saliba Abdullah, consider\u00f3 el atentado terrorista como un acto cobarde dirigido a los inocentes, explicando que &#8220;la misa de hoy es para dar un mensaje de que estamos aferrados a esta tierra de nuestros padres y antepasados y el mundo debe saber que no temeremos y rechazamos al terrorismo en todas sus formas y manifestaciones&#8221;.<\/p>\n<p style=\"text-align: justify;\"><span style=\"color: #0000ff;\">E. Dubian\/ Riad Sh.<\/span><\/p>\n<div id='gallery-1' class='gallery galleryid-110510 gallery-columns-3 gallery-size-thumbnail'><figure class='gallery-item'>\n\t\t\t<div class='gallery-icon landscape'>\n\t\t\t\t<a href='https:\/\/archive.sana.sy\/es\/?attachment_id=110514'><img loading=\"lazy\" decoding=\"async\" width=\"150\" height=\"150\" src=\"https:\/\/archive.sana.sy\/es\/wp-content\/uploads\/2019\/07\/1-4.jpg\" class=\"attachment-thumbnail size-thumbnail\" alt=\"\" \/><\/a>\n\t\t\t<\/div><\/figure><figure class='gallery-item'>\n\t\t\t<div class='gallery-icon landscape'>\n\t\t\t\t<a href='https:\/\/archive.sana.sy\/es\/?attachment_id=110515'><img loading=\"lazy\" decoding=\"async\" width=\"150\" height=\"88\" src=\"https:\/\/archive.sana.sy\/es\/wp-content\/uploads\/2019\/07\/9-50-150x88.jpg\" class=\"attachment-thumbnail size-thumbnail\" alt=\"\" srcset=\"https:\/\/archive.sana.sy\/es\/wp-content\/uploads\/2019\/07\/9-50-150x88.jpg 150w, https:\/\/archive.sana.sy\/es\/wp-content\/uploads\/2019\/07\/9-50-300x175.jpg 300w, https:\/\/archive.sana.sy\/es\/wp-content\/uploads\/2019\/07\/9-50.jpg 660w\" sizes=\"(max-width: 150px) 100vw, 150px\" \/><\/a>\n\t\t\t<\/div><\/figure><figure class='gallery-item'>\n\t\t\t<div class='gallery-icon landscape'>\n\t\t\t\t<a href='https:\/\/archive.sana.sy\/es\/?attachment_id=110516'><img loading=\"lazy\" decoding=\"async\" width=\"150\" height=\"88\" src=\"https:\/\/archive.sana.sy\/es\/wp-content\/uploads\/2019\/07\/10-49-150x88.jpg\" class=\"attachment-thumbnail size-thumbnail\" alt=\"\" srcset=\"https:\/\/archive.sana.sy\/es\/wp-content\/uploads\/2019\/07\/10-49-150x88.jpg 150w, https:\/\/archive.sana.sy\/es\/wp-content\/uploads\/2019\/07\/10-49-300x175.jpg 300w, https:\/\/archive.sana.sy\/es\/wp-content\/uploads\/2019\/07\/10-49.jpg 660w\" sizes=\"(max-width: 150px) 100vw, 150px\" \/><\/a>\n\t\t\t<\/div><\/figure><figure class='gallery-item'>\n\t\t\t<div class='gallery-icon landscape'>\n\t\t\t\t<a href='https:\/\/archive.sana.sy\/es\/?attachment_id=110517'><img loading=\"lazy\" decoding=\"async\" width=\"150\" height=\"88\" src=\"https:\/\/archive.sana.sy\/es\/wp-content\/uploads\/2019\/07\/22222-150x88.jpg\" class=\"attachment-thumbnail size-thumbnail\" alt=\"\" srcset=\"https:\/\/archive.sana.sy\/es\/wp-content\/uploads\/2019\/07\/22222-150x88.jpg 150w, https:\/\/archive.sana.sy\/es\/wp-content\/uploads\/2019\/07\/22222-300x175.jpg 300w, https:\/\/archive.sana.sy\/es\/wp-content\/uploads\/2019\/07\/22222.jpg 660w\" sizes=\"(max-width: 150px) 100vw, 150px\" \/><\/a>\n\t\t\t<\/div><\/figure>\n\t\t<\/div>\n\n","protected":false},"excerpt":{"rendered":"<p>Al Hasakah, SANA Una misa y oraciones se llevaron a cabo en la Iglesia de la Virgen Mar\u00eda perteneciente a la Ortodoxia Sir\u00edaca en la ciudad de Qamishli hoy, durante la cual se reafirm\u00f3 el apego a la tierra tres d\u00edas despu\u00e9s de que la iglesia fuera atacada por un coche bomba. Los participantes en &hellip;<\/p>\n","protected":false},"author":32,"featured_media":110511,"comment_status":"closed","ping_status":"closed","sticky":false,"template":"","format":"standard","meta":{"footnotes":""},"categories":[597,476,7541],"tags":[15939],"class_list":["post-110510","post","type-post","status-publish","format-standard","has-post-thumbnail","","category-cinta-de-noticias","category-locales","category-ultimas-noticias","tag-misa-en-la-iglesia-de-la-virgen-maria-en-qamishli-permaneceremos-en-nuestra-tierra-y-no-temeremos-el-terrorismo"],"_links":{"self":[{"href":"https:\/\/archive.sana.sy\/es\/index.php?rest_route=\/wp\/v2\/posts\/110510"}],"collection":[{"href":"https:\/\/archive.sana.sy\/es\/index.php?rest_route=\/wp\/v2\/posts"}],"about":[{"href":"https:\/\/archive.sana.sy\/es\/index.php?rest_route=\/wp\/v2\/types\/post"}],"author":[{"embeddable":true,"href":"https:\/\/archive.sana.sy\/es\/index.php?rest_route=\/wp\/v2\/users\/32"}],"replies":[{"embeddable":true,"href":"https:\/\/archive.sana.sy\/es\/index.php?rest_route=%2Fwp%2Fv2%2Fcomments&post=110510"}],"version-history":[{"count":0,"href":"https:\/\/archive.sana.sy\/es\/index.php?rest_route=\/wp\/v2\/posts\/110510\/revisions"}],"wp:featuredmedia":[{"embeddable":true,"href":"https:\/\/archive.sana.sy\/es\/index.php?rest_route=\/wp\/v2\/media\/110511"}],"wp:attachment":[{"href":"https:\/\/archive.sana.sy\/es\/index.php?rest_route=%2Fwp%2Fv2%2Fmedia&parent=110510"}],"wp:term":[{"taxonomy":"category","embeddable":true,"href":"https:\/\/archive.sana.sy\/es\/index.php?rest_route=%2Fwp%2Fv2%2Fcategories&post=110510"},{"taxonomy":"post_tag","embeddable":true,"href":"https:\/\/archive.sana.sy\/es\/index.php?rest_route=%2Fwp%2Fv2%2Ftags&post=110510"}],"curies":[{"name":"wp","href":"https:\/\/api.w.org\/{rel}","templated":true}]}}