{"id":110520,"date":"2019-07-14T19:15:51","date_gmt":"2019-07-14T16:15:51","guid":{"rendered":"https:\/\/sana.sy\/es\/?p=110520"},"modified":"2019-07-14T19:16:26","modified_gmt":"2019-07-14T16:16:26","slug":"decreto-legislativo-que-otorga-tarjeta-de-honor-heridos","status":"publish","type":"post","link":"https:\/\/archive.sana.sy\/es\/?p=110520","title":{"rendered":"Decreto legislativo otorga tarjeta de honor a heridos"},"content":{"rendered":"<p>Damasco-SANA<\/p>\n<p>El presidente Bashar Al-Assad emiti\u00f3 el decreto legislativo No.13 para el a\u00f1o 2019 que estipula la concesi\u00f3n de una tarjeta de honor bajo el nombre &#8220;Tarjeta de heridos de la patria&#8221;, para heridos con una discapacidad f\u00edsica de 40% o m\u00e1s debida a la guerra y las acciones militares o por acciones terroristas o elementos enemigos.<\/p>\n<p>El decreto cubre militares del Ej\u00e9rcito y las Fuerzas Armadas, miembros de las Fuerzas de Seguridad Interna y cualquier persona que sufri\u00f3 de lesiones en acciones militares bajo el mando del ej\u00e9rcito.<\/p>\n<p>Y.K.<\/p>\n","protected":false},"excerpt":{"rendered":"<p>Damasco-SANA El presidente Bashar Al-Assad emiti\u00f3 el decreto legislativo No.13 para el a\u00f1o 2019 que estipula la concesi\u00f3n de una tarjeta de honor bajo el nombre &#8220;Tarjeta de heridos de la patria&#8221;, para heridos con una discapacidad f\u00edsica de 40% o m\u00e1s debida a la guerra y las acciones militares o por acciones terroristas o &hellip;<\/p>\n","protected":false},"author":1,"featured_media":68032,"comment_status":"closed","ping_status":"closed","sticky":false,"template":"","format":"standard","meta":{"footnotes":""},"categories":[617,7541],"tags":[],"class_list":["post-110520","post","type-post","status-publish","format-standard","has-post-thumbnail","","category-decretos-y-leyes","category-ultimas-noticias"],"_links":{"self":[{"href":"https:\/\/archive.sana.sy\/es\/index.php?rest_route=\/wp\/v2\/posts\/110520"}],"collection":[{"href":"https:\/\/archive.sana.sy\/es\/index.php?rest_route=\/wp\/v2\/posts"}],"about":[{"href":"https:\/\/archive.sana.sy\/es\/index.php?rest_route=\/wp\/v2\/types\/post"}],"author":[{"embeddable":true,"href":"https:\/\/archive.sana.sy\/es\/index.php?rest_route=\/wp\/v2\/users\/1"}],"replies":[{"embeddable":true,"href":"https:\/\/archive.sana.sy\/es\/index.php?rest_route=%2Fwp%2Fv2%2Fcomments&post=110520"}],"version-history":[{"count":0,"href":"https:\/\/archive.sana.sy\/es\/index.php?rest_route=\/wp\/v2\/posts\/110520\/revisions"}],"wp:featuredmedia":[{"embeddable":true,"href":"https:\/\/archive.sana.sy\/es\/index.php?rest_route=\/wp\/v2\/media\/68032"}],"wp:attachment":[{"href":"https:\/\/archive.sana.sy\/es\/index.php?rest_route=%2Fwp%2Fv2%2Fmedia&parent=110520"}],"wp:term":[{"taxonomy":"category","embeddable":true,"href":"https:\/\/archive.sana.sy\/es\/index.php?rest_route=%2Fwp%2Fv2%2Fcategories&post=110520"},{"taxonomy":"post_tag","embeddable":true,"href":"https:\/\/archive.sana.sy\/es\/index.php?rest_route=%2Fwp%2Fv2%2Ftags&post=110520"}],"curies":[{"name":"wp","href":"https:\/\/api.w.org\/{rel}","templated":true}]}}