{"id":110905,"date":"2019-07-21T10:03:23","date_gmt":"2019-07-21T07:03:23","guid":{"rendered":"https:\/\/sana.sy\/es\/?p=110905"},"modified":"2019-07-21T10:03:23","modified_gmt":"2019-07-21T07:03:23","slug":"comienza-en-caracas-la-reunion-ministerial-del-mnoal","status":"publish","type":"post","link":"https:\/\/archive.sana.sy\/es\/?p=110905","title":{"rendered":"Comienza en Caracas la reuni\u00f3n ministerial del MNOAL"},"content":{"rendered":"<p style=\"text-align: justify;\"><span style=\"color: #800000;\">Caracas, SANA<\/span><\/p>\n<p style=\"text-align: justify;\">Con la participaci\u00f3n de <strong>Siria<\/strong>, comenz\u00f3 en la capital venezolana Caracas la reuni\u00f3n ministerial del Movimiento de Pa\u00edses No Alineados (MNOAL) que se celebra bajo el lema: &#8220;Promover y consolidar la paz a trav\u00e9s del respeto al derecho internacional&#8221;.<\/p>\n<p style=\"text-align: justify;\">En su discurso de apertura, el ministro de Exteriores de Venezuela, Jorge Arreaza, dijo que &#8220;Cuba, Siria, Ir\u00e1n, Nicaragua, Corea del Norte y su pa\u00eds son v\u00edctimas de intervenciones extranjeras que buscan cambiar los gobiernos y sustituirlos por otros lacayos.<\/p>\n<p style=\"text-align: justify;\">El canciller venezolano destac\u00f3 la importancia de esta reuni\u00f3n para hacer frente a esos intentos.<\/p>\n<p style=\"text-align: justify;\">Siria participa en la reuni\u00f3n con una delegaci\u00f3n encabezada por el embajador sirio en Venezuela, Khalil Bitar.<\/p>\n<p style=\"text-align: justify;\">La reuni\u00f3n ministerial de los estados miembros del Movimiento de No Alineados se lleva a cabo en preparaci\u00f3n para la cumbre de los jefes de estado y de gobierno del movimiento, que se celebrar\u00e1 en la capital de Azerbaiy\u00e1n, Bak\u00fa, del 24 al 26 de octubre pr\u00f3ximo.<\/p>\n<p style=\"text-align: justify;\"><span style=\"color: #0000ff;\">F. Marouf\/ Dr. A. Shaban<\/span><\/p>\n","protected":false},"excerpt":{"rendered":"<p>Caracas, SANA Con la participaci\u00f3n de Siria, comenz\u00f3 en la capital venezolana Caracas la reuni\u00f3n ministerial del Movimiento de Pa\u00edses No Alineados (MNOAL) que se celebra bajo el lema: &#8220;Promover y consolidar la paz a trav\u00e9s del respeto al derecho internacional&#8221;. En su discurso de apertura, el ministro de Exteriores de Venezuela, Jorge Arreaza, dijo &hellip;<\/p>\n","protected":false},"author":1,"featured_media":110906,"comment_status":"closed","ping_status":"closed","sticky":false,"template":"","format":"standard","meta":{"footnotes":""},"categories":[597,467,7541],"tags":[15997],"class_list":["post-110905","post","type-post","status-publish","format-standard","has-post-thumbnail","","category-cinta-de-noticias","category-siria-y-el-mundo","category-ultimas-noticias","tag-comienza-en-caracas-la-reunion-ministerial-del-mnoal"],"_links":{"self":[{"href":"https:\/\/archive.sana.sy\/es\/index.php?rest_route=\/wp\/v2\/posts\/110905"}],"collection":[{"href":"https:\/\/archive.sana.sy\/es\/index.php?rest_route=\/wp\/v2\/posts"}],"about":[{"href":"https:\/\/archive.sana.sy\/es\/index.php?rest_route=\/wp\/v2\/types\/post"}],"author":[{"embeddable":true,"href":"https:\/\/archive.sana.sy\/es\/index.php?rest_route=\/wp\/v2\/users\/1"}],"replies":[{"embeddable":true,"href":"https:\/\/archive.sana.sy\/es\/index.php?rest_route=%2Fwp%2Fv2%2Fcomments&post=110905"}],"version-history":[{"count":0,"href":"https:\/\/archive.sana.sy\/es\/index.php?rest_route=\/wp\/v2\/posts\/110905\/revisions"}],"wp:featuredmedia":[{"embeddable":true,"href":"https:\/\/archive.sana.sy\/es\/index.php?rest_route=\/wp\/v2\/media\/110906"}],"wp:attachment":[{"href":"https:\/\/archive.sana.sy\/es\/index.php?rest_route=%2Fwp%2Fv2%2Fmedia&parent=110905"}],"wp:term":[{"taxonomy":"category","embeddable":true,"href":"https:\/\/archive.sana.sy\/es\/index.php?rest_route=%2Fwp%2Fv2%2Fcategories&post=110905"},{"taxonomy":"post_tag","embeddable":true,"href":"https:\/\/archive.sana.sy\/es\/index.php?rest_route=%2Fwp%2Fv2%2Ftags&post=110905"}],"curies":[{"name":"wp","href":"https:\/\/api.w.org\/{rel}","templated":true}]}}