{"id":110932,"date":"2019-07-21T14:29:11","date_gmt":"2019-07-21T11:29:11","guid":{"rendered":"https:\/\/sana.sy\/es\/?p=110932"},"modified":"2019-07-22T10:46:33","modified_gmt":"2019-07-22T07:46:33","slug":"dos-martires-y-tres-heridos-victimas-de-un-proyectil-cohete-en-sasa","status":"publish","type":"post","link":"https:\/\/archive.sana.sy\/es\/?p=110932","title":{"rendered":"Dos muertos y tres heridos en ataque terrorista al sudoeste de Damasco"},"content":{"rendered":"<p style=\"text-align: justify\"><span style=\"color: #800000\">Rif Dimashq, SANA<\/span><\/p>\n<p>Un hombre y una ni\u00f1a perdieron la vida, mientras tres mujeres resultaron heridas en un ataque con proyectil cohete contra un autom\u00f3vil en la aldea de Qlayaat perteneciente a la ciudad de Sasa, al suroeste de Damasco.<\/p>\n<p>&#8216;Un hombre y una ni\u00f1a de tres a\u00f1os de edad, murieron y tres mujeres fueron lesionadas en el atentado que dej\u00f3 destruido por completo el veh\u00edculo en que se trasladaban&#8217;, informaron fuentes m\u00e9dicas.<\/p>\n<p style=\"text-align: justify\"><span style=\"color: #0000ff\">E. Dubian\/ Riad Sh.\/ F. M.<\/span><\/p>\n<div id='gallery-1' class='gallery galleryid-110932 gallery-columns-1 gallery-size-full'><figure class='gallery-item'>\n\t\t\t<div class='gallery-icon landscape'>\n\t\t\t\t<a href='https:\/\/archive.sana.sy\/es\/wp-content\/uploads\/2019\/07\/222-1.jpg'><img loading=\"lazy\" decoding=\"async\" width=\"3543\" height=\"1993\" src=\"https:\/\/archive.sana.sy\/es\/wp-content\/uploads\/2019\/07\/222-1.jpg\" class=\"attachment-full size-full\" alt=\"\" srcset=\"https:\/\/archive.sana.sy\/es\/wp-content\/uploads\/2019\/07\/222-1.jpg 3543w, https:\/\/archive.sana.sy\/es\/wp-content\/uploads\/2019\/07\/222-1-150x84.jpg 150w, https:\/\/archive.sana.sy\/es\/wp-content\/uploads\/2019\/07\/222-1-300x169.jpg 300w, https:\/\/archive.sana.sy\/es\/wp-content\/uploads\/2019\/07\/222-1-768x432.jpg 768w, https:\/\/archive.sana.sy\/es\/wp-content\/uploads\/2019\/07\/222-1-1024x576.jpg 1024w\" sizes=\"(max-width: 3543px) 100vw, 3543px\" \/><\/a>\n\t\t\t<\/div><\/figure>\n\t\t<\/div>\n\n","protected":false},"excerpt":{"rendered":"<p>Rif Dimashq, SANA Un hombre y una ni\u00f1a perdieron la vida, mientras tres mujeres resultaron heridas en un ataque con proyectil cohete contra un autom\u00f3vil en la aldea de Qlayaat perteneciente a la ciudad de Sasa, al suroeste de Damasco. &#8216;Un hombre y una ni\u00f1a de tres a\u00f1os de edad, murieron y tres mujeres fueron &hellip;<\/p>\n","protected":false},"author":32,"featured_media":110933,"comment_status":"closed","ping_status":"closed","sticky":false,"template":"","format":"standard","meta":{"footnotes":""},"categories":[597,573,7541],"tags":[16007],"class_list":["post-110932","post","type-post","status-publish","format-standard","has-post-thumbnail","","category-cinta-de-noticias","category-la-realidad-de-los-acontecimientos-en-siria","category-ultimas-noticias","tag-dos-muertos-y-tres-heridos-en-ataque-terrorista-al-sudoeste-de-damasco"],"_links":{"self":[{"href":"https:\/\/archive.sana.sy\/es\/index.php?rest_route=\/wp\/v2\/posts\/110932"}],"collection":[{"href":"https:\/\/archive.sana.sy\/es\/index.php?rest_route=\/wp\/v2\/posts"}],"about":[{"href":"https:\/\/archive.sana.sy\/es\/index.php?rest_route=\/wp\/v2\/types\/post"}],"author":[{"embeddable":true,"href":"https:\/\/archive.sana.sy\/es\/index.php?rest_route=\/wp\/v2\/users\/32"}],"replies":[{"embeddable":true,"href":"https:\/\/archive.sana.sy\/es\/index.php?rest_route=%2Fwp%2Fv2%2Fcomments&post=110932"}],"version-history":[{"count":0,"href":"https:\/\/archive.sana.sy\/es\/index.php?rest_route=\/wp\/v2\/posts\/110932\/revisions"}],"wp:featuredmedia":[{"embeddable":true,"href":"https:\/\/archive.sana.sy\/es\/index.php?rest_route=\/wp\/v2\/media\/110933"}],"wp:attachment":[{"href":"https:\/\/archive.sana.sy\/es\/index.php?rest_route=%2Fwp%2Fv2%2Fmedia&parent=110932"}],"wp:term":[{"taxonomy":"category","embeddable":true,"href":"https:\/\/archive.sana.sy\/es\/index.php?rest_route=%2Fwp%2Fv2%2Fcategories&post=110932"},{"taxonomy":"post_tag","embeddable":true,"href":"https:\/\/archive.sana.sy\/es\/index.php?rest_route=%2Fwp%2Fv2%2Ftags&post=110932"}],"curies":[{"name":"wp","href":"https:\/\/api.w.org\/{rel}","templated":true}]}}