{"id":110967,"date":"2019-07-22T10:50:35","date_gmt":"2019-07-22T07:50:35","guid":{"rendered":"https:\/\/sana.sy\/es\/?p=110967"},"modified":"2019-07-22T10:50:47","modified_gmt":"2019-07-22T07:50:47","slug":"siria-ratifica-apoyo-a-venezuela-en-reunion-ministerial-del-mnoal","status":"publish","type":"post","link":"https:\/\/archive.sana.sy\/es\/?p=110967","title":{"rendered":"Siria ratifica apoyo a Venezuela en reuni\u00f3n ministerial del MNOAL"},"content":{"rendered":"<p style=\"text-align: justify\"><span style=\"color: #800000\">Caracas, SANA<\/span><\/p>\n<p style=\"text-align: justify\">El embajador sirio en Venezuela, Khalil Bitar, jefe de la delegaci\u00f3n siria en la reuni\u00f3n ministerial del Movimiento de Pa\u00edses No Alineados (MNOAL), subray\u00f3 la necesidad de un compromiso colectivo en la lucha contra el terrorismo y poner fin a las medidas coercitivas econ\u00f3micas unilaterales.<\/p>\n<p style=\"text-align: justify\">En un discurso pronunciado en la reuni\u00f3n, el embajador Bitar expres\u00f3 la plena solidaridad de Siria con la Rep\u00fablica Bolivariana de Venezuela y su liderazgo, gobierno y pueblo en su empe\u00f1o por defender su soberan\u00eda y frustrar los planes hostiles para cambiar por la fuerza al gobierno leg\u00edtimo de este pa\u00eds.<\/p>\n<p style=\"text-align: justify\">&#8220;Siria rechaza categ\u00f3ricamente la flagrante injerencia de Estados Unidos y sus aliados en los asuntos internos de Venezuela y apoya al gobierno leg\u00edtimo del presidente Nicolas Maduro&#8221;, reiter\u00f3 Bitar.<\/p>\n<p style=\"text-align: justify\">Enfatiz\u00f3 la necesidad de un compromiso global en la lucha contra el terrorismo, poner fin a la agresi\u00f3n y ocupaci\u00f3n, y cesar las medidas econ\u00f3micas coercitivas unilaterales.<\/p>\n<p style=\"text-align: justify\">El diplom\u00e1tico sirio llam\u00f3 a dejar de interferir en los asuntos internos de los Estados y parar las amenazas del uso de la fuerza en las relaciones internacionales.<img loading=\"lazy\" decoding=\"async\" class=\"size-medium wp-image-110969 alignright\" src=\"https:\/\/sana.sy\/es\/wp-content\/uploads\/2019\/07\/photo_2019-07-21_22-18-11-300x193.jpg\" alt=\"\" width=\"300\" height=\"193\" srcset=\"https:\/\/archive.sana.sy\/es\/wp-content\/uploads\/2019\/07\/photo_2019-07-21_22-18-11-300x193.jpg 300w, https:\/\/archive.sana.sy\/es\/wp-content\/uploads\/2019\/07\/photo_2019-07-21_22-18-11-150x96.jpg 150w, https:\/\/archive.sana.sy\/es\/wp-content\/uploads\/2019\/07\/photo_2019-07-21_22-18-11-768x494.jpg 768w, https:\/\/archive.sana.sy\/es\/wp-content\/uploads\/2019\/07\/photo_2019-07-21_22-18-11-1024x659.jpg 1024w\" sizes=\"(max-width: 300px) 100vw, 300px\" \/><\/p>\n<p style=\"text-align: justify\">&#8220;Una de las razones m\u00e1s serias de la ausencia de la paz y la seguridad internacionales es la manipulaci\u00f3n del terrorismo a nivel regional e internacional&#8221;, explic\u00f3 el represente sirio, y a\u00f1adi\u00f3 que este flageo no hubiese sido posible su difusi\u00f3n si no fuera por el apoyo financiero y log\u00edstico de algunos pa\u00edses, incluidos miembros de este movimiento.<\/p>\n<p style=\"text-align: justify\">Asimismo, reiter\u00f3 el rechazo de Siria a la imposici\u00f3n de medidas coercitivas unilaterales contra algunos pa\u00edses del MNOAL, incluida la Rep\u00fablica Bolivariana de Venezuela, la Rep\u00fablica Isl\u00e1mica de Ir\u00e1n, la Rep\u00fablica Popular Democr\u00e1tica de Corea, Zimbabue, Cuba y Siria, por parte de Estados Unidos y la Uni\u00f3n Europea como medio para lograr objetivos pol\u00edticos y agendas que violan las normas b\u00e1sicas del derecho internacional y los principios de la Carta de las Naciones Unidas, lo cual impide el logro de las metas y objetivos del desarrollo sostenible en la Agenda 2030.<\/p>\n<p style=\"text-align: justify\">El embajador sirio concluy\u00f3 que el Gobierno de la Rep\u00fablica \u00c1rabe Siria reafirma que la soluci\u00f3n de la crisis en Siria es pol\u00edtica basada en el di\u00e1logo entre los sirios y sin ninguna interferencia externa, y agreg\u00f3 que el \u00e9xito del proceso pol\u00edtico depende principalmente del compromiso internacional y regional en los esfuerzos para combatir el terrorismo en Siria.<\/p>\n<p style=\"text-align: justify\">F. Marouf\/ Ammar H.<\/p>\n","protected":false},"excerpt":{"rendered":"<p>Caracas, SANA El embajador sirio en Venezuela, Khalil Bitar, jefe de la delegaci\u00f3n siria en la reuni\u00f3n ministerial del Movimiento de Pa\u00edses No Alineados (MNOAL), subray\u00f3 la necesidad de un compromiso colectivo en la lucha contra el terrorismo y poner fin a las medidas coercitivas econ\u00f3micas unilaterales. En un discurso pronunciado en la reuni\u00f3n, el &hellip;<\/p>\n","protected":false},"author":30,"featured_media":110968,"comment_status":"closed","ping_status":"closed","sticky":false,"template":"","format":"standard","meta":{"footnotes":""},"categories":[597,467,7541],"tags":[16009],"class_list":["post-110967","post","type-post","status-publish","format-standard","has-post-thumbnail","","category-cinta-de-noticias","category-siria-y-el-mundo","category-ultimas-noticias","tag-siria-ratifica-apoyo-a-venezuela-en-reunion-ministerial-del-mnoal"],"_links":{"self":[{"href":"https:\/\/archive.sana.sy\/es\/index.php?rest_route=\/wp\/v2\/posts\/110967"}],"collection":[{"href":"https:\/\/archive.sana.sy\/es\/index.php?rest_route=\/wp\/v2\/posts"}],"about":[{"href":"https:\/\/archive.sana.sy\/es\/index.php?rest_route=\/wp\/v2\/types\/post"}],"author":[{"embeddable":true,"href":"https:\/\/archive.sana.sy\/es\/index.php?rest_route=\/wp\/v2\/users\/30"}],"replies":[{"embeddable":true,"href":"https:\/\/archive.sana.sy\/es\/index.php?rest_route=%2Fwp%2Fv2%2Fcomments&post=110967"}],"version-history":[{"count":0,"href":"https:\/\/archive.sana.sy\/es\/index.php?rest_route=\/wp\/v2\/posts\/110967\/revisions"}],"wp:featuredmedia":[{"embeddable":true,"href":"https:\/\/archive.sana.sy\/es\/index.php?rest_route=\/wp\/v2\/media\/110968"}],"wp:attachment":[{"href":"https:\/\/archive.sana.sy\/es\/index.php?rest_route=%2Fwp%2Fv2%2Fmedia&parent=110967"}],"wp:term":[{"taxonomy":"category","embeddable":true,"href":"https:\/\/archive.sana.sy\/es\/index.php?rest_route=%2Fwp%2Fv2%2Fcategories&post=110967"},{"taxonomy":"post_tag","embeddable":true,"href":"https:\/\/archive.sana.sy\/es\/index.php?rest_route=%2Fwp%2Fv2%2Ftags&post=110967"}],"curies":[{"name":"wp","href":"https:\/\/api.w.org\/{rel}","templated":true}]}}