{"id":110981,"date":"2019-07-22T14:08:39","date_gmt":"2019-07-22T11:08:39","guid":{"rendered":"https:\/\/sana.sy\/es\/?p=110981"},"modified":"2019-08-21T21:39:18","modified_gmt":"2019-08-21T18:39:18","slug":"el-presidente-al-assad-recibe-mensaje-escrito-del-papa-francisco","status":"publish","type":"post","link":"https:\/\/archive.sana.sy\/es\/?p=110981","title":{"rendered":"El presidente al-Assad recibe mensaje escrito del Papa Francisco"},"content":{"rendered":"<div class=\"gs\">\n<div class=\"\">\n<div id=\":nw\" class=\"ii gt adO\">\n<div id=\":nv\" class=\"a3s aXjCH \">\n<div class=\"m_6375360454743253954ydp62559dd9yahoo-style-wrap\">\n<div dir=\"ltr\">\n<p class=\"m_6375360454743253954ydp99dc5498MsoNormal\" style=\"text-align: justify;\"><span style=\"color: #800000;\">Damasco, SANA<\/span><\/p>\n<p class=\"m_6375360454743253954ydp99dc5498MsoNormal\" style=\"text-align: justify;\">El presidente Bashar Al-Assad, recibi\u00f3 al cardenal Peter Turkson, Prefecto del Dicasterio para el Servicio del Desarrollo Humano Integral, quien le entreg\u00f3 un mensaje escrito del papa Francisco.<\/p>\n<p class=\"m_6375360454743253954ydp99dc5498MsoNormal\" style=\"text-align: justify;\">El Papa ratific\u00f3 en su carta, el apoyo al restablecimiento de la estabilidad en Siria y a los esfuerzos para poner fin al sufrimiento del pueblo sirio generado a consecuencia de la guerra.<\/p>\n<p class=\"m_6375360454743253954ydp99dc5498MsoNormal\" style=\"text-align: justify;\">Las conversaciones se centraron en los \u00faltimos acontecimientos en Siria, y en este sentido, el presidente habl\u00f3 sobre los cr\u00edmenes y ataques contra los civiles cometidos por los terroristas que parten de las zonas que a\u00fan ocupan, especialmente Idleb.<\/p>\n<p class=\"m_6375360454743253954ydp99dc5498MsoNormal\" style=\"text-align: justify;\">Denunci\u00f3 el apoyo que sigue llegando a las organizaciones terroristas por parte de algunos pa\u00edses regionales y occidentales.<\/p>\n<p class=\"m_6375360454743253954ydp99dc5498MsoNormal\" style=\"text-align: justify;\">Asimismo, fueron abordados los esfuerzos pol\u00edticos y las maneras de impulsarlos, y al respecto, el presidente dijo que la mejor forma para ayudar al pueblo sirio es presionar para que determinados pa\u00edses dejen de apoyar a los terroristas y suspendan sus sanciones al pueblo sirio, as\u00ed como adopten un enfoque que promueva la paz y la estabilidad.<\/p>\n<p style=\"text-align: justify;\"><span style=\"color: #0000ff;\">F. Marouf\/ Ammar H.<\/span><\/p>\n<div id='gallery-1' class='gallery galleryid-110981 gallery-columns-1 gallery-size-full'><figure class='gallery-item'>\n\t\t\t<div class='gallery-icon landscape'>\n\t\t\t\t<a href='https:\/\/archive.sana.sy\/es\/wp-content\/uploads\/2019\/07\/11-113.jpg'><img loading=\"lazy\" decoding=\"async\" width=\"660\" height=\"467\" src=\"https:\/\/archive.sana.sy\/es\/wp-content\/uploads\/2019\/07\/11-113.jpg\" class=\"attachment-full size-full\" alt=\"\" srcset=\"https:\/\/archive.sana.sy\/es\/wp-content\/uploads\/2019\/07\/11-113.jpg 660w, https:\/\/archive.sana.sy\/es\/wp-content\/uploads\/2019\/07\/11-113-150x106.jpg 150w, https:\/\/archive.sana.sy\/es\/wp-content\/uploads\/2019\/07\/11-113-300x212.jpg 300w\" sizes=\"(max-width: 660px) 100vw, 660px\" \/><\/a>\n\t\t\t<\/div><\/figure><figure class='gallery-item'>\n\t\t\t<div class='gallery-icon landscape'>\n\t\t\t\t<a href='https:\/\/archive.sana.sy\/es\/wp-content\/uploads\/2019\/07\/12-72.jpg'><img loading=\"lazy\" decoding=\"async\" width=\"660\" height=\"355\" src=\"https:\/\/archive.sana.sy\/es\/wp-content\/uploads\/2019\/07\/12-72.jpg\" class=\"attachment-full size-full\" alt=\"\" srcset=\"https:\/\/archive.sana.sy\/es\/wp-content\/uploads\/2019\/07\/12-72.jpg 660w, https:\/\/archive.sana.sy\/es\/wp-content\/uploads\/2019\/07\/12-72-150x81.jpg 150w, https:\/\/archive.sana.sy\/es\/wp-content\/uploads\/2019\/07\/12-72-300x161.jpg 300w\" sizes=\"(max-width: 660px) 100vw, 660px\" \/><\/a>\n\t\t\t<\/div><\/figure>\n\t\t<\/div>\n\n<\/div>\n<\/div>\n<\/div>\n<\/div>\n<div class=\"hi\" style=\"text-align: justify;\"><\/div>\n<\/div>\n<\/div>\n","protected":false},"excerpt":{"rendered":"<p>Damasco, SANA El presidente Bashar Al-Assad, recibi\u00f3 al cardenal Peter Turkson, Prefecto del Dicasterio para el Servicio del Desarrollo Humano Integral, quien le entreg\u00f3 un mensaje escrito del papa Francisco. El Papa ratific\u00f3 en su carta, el apoyo al restablecimiento de la estabilidad en Siria y a los esfuerzos para poner fin al sufrimiento del &hellip;<\/p>\n","protected":false},"author":30,"featured_media":110982,"comment_status":"closed","ping_status":"closed","sticky":false,"template":"","format":"standard","meta":{"footnotes":""},"categories":[597,16237,583,626],"tags":[16014],"class_list":["post-110981","post","type-post","status-publish","format-standard","has-post-thumbnail","","category-cinta-de-noticias","category-presidence-de-la-republique-arabe-syria","category-slide","category-sr-presidente","tag-el-presidente-al-assad-recibe-mensaje-escrito-del-papa-francisco"],"_links":{"self":[{"href":"https:\/\/archive.sana.sy\/es\/index.php?rest_route=\/wp\/v2\/posts\/110981"}],"collection":[{"href":"https:\/\/archive.sana.sy\/es\/index.php?rest_route=\/wp\/v2\/posts"}],"about":[{"href":"https:\/\/archive.sana.sy\/es\/index.php?rest_route=\/wp\/v2\/types\/post"}],"author":[{"embeddable":true,"href":"https:\/\/archive.sana.sy\/es\/index.php?rest_route=\/wp\/v2\/users\/30"}],"replies":[{"embeddable":true,"href":"https:\/\/archive.sana.sy\/es\/index.php?rest_route=%2Fwp%2Fv2%2Fcomments&post=110981"}],"version-history":[{"count":0,"href":"https:\/\/archive.sana.sy\/es\/index.php?rest_route=\/wp\/v2\/posts\/110981\/revisions"}],"wp:featuredmedia":[{"embeddable":true,"href":"https:\/\/archive.sana.sy\/es\/index.php?rest_route=\/wp\/v2\/media\/110982"}],"wp:attachment":[{"href":"https:\/\/archive.sana.sy\/es\/index.php?rest_route=%2Fwp%2Fv2%2Fmedia&parent=110981"}],"wp:term":[{"taxonomy":"category","embeddable":true,"href":"https:\/\/archive.sana.sy\/es\/index.php?rest_route=%2Fwp%2Fv2%2Fcategories&post=110981"},{"taxonomy":"post_tag","embeddable":true,"href":"https:\/\/archive.sana.sy\/es\/index.php?rest_route=%2Fwp%2Fv2%2Ftags&post=110981"}],"curies":[{"name":"wp","href":"https:\/\/api.w.org\/{rel}","templated":true}]}}