{"id":110996,"date":"2019-07-22T17:40:06","date_gmt":"2019-07-22T14:40:06","guid":{"rendered":"https:\/\/sana.sy\/es\/?p=110996"},"modified":"2019-07-22T17:40:06","modified_gmt":"2019-07-22T14:40:06","slug":"muere-un-civil-en-la-explosion-de-un-artefacto-explosivo-endosado-a-un-coche","status":"publish","type":"post","link":"https:\/\/archive.sana.sy\/es\/?p=110996","title":{"rendered":"Muere un civil en la explosi\u00f3n de un artefacto explosivo endosado a un coche"},"content":{"rendered":"<p><span style=\"color: #800000;\">Damasco, SANA<\/span><\/p>\n<p style=\"text-align: justify;\">Un civil cay\u00f3 m\u00e1rtir en la explosi\u00f3n de una carga explosiva endosada a un carro privado en el distrito capitalino de al-Qadam.<\/p>\n<p style=\"text-align: justify;\">El reportero de SANA inform\u00f3 que un artefacto explosivo sembrado en un coche particular estall\u00f3 mientras se mov\u00eda en la zona de al-Qadam en Damasco, causando la muerte del conductor, la destrucci\u00f3n del coche y da\u00f1os materiales en algunas viviendas alrededor.<\/p>\n<p><span style=\"color: #0000ff;\">Riad Sh.\/ R. Rashed\u00a0<\/span><\/p>\n<p><img decoding=\"async\" src=\"https:\/\/www.sana.sy\/wp-content\/uploads\/2019\/07\/DSC_1156.jpg\" \/><\/p>\n<p><img decoding=\"async\" src=\"https:\/\/www.sana.sy\/wp-content\/uploads\/2019\/07\/DSC_1162.jpg\" \/><\/p>\n<p><img decoding=\"async\" src=\"https:\/\/www.sana.sy\/wp-content\/uploads\/2019\/07\/DSC_1166.jpg\" \/><\/p>\n<p><img decoding=\"async\" src=\"https:\/\/www.sana.sy\/wp-content\/uploads\/2019\/07\/DSC_1174.jpg\" \/><\/p>\n<p><img decoding=\"async\" src=\"https:\/\/www.sana.sy\/wp-content\/uploads\/2019\/07\/DSC_1197.jpg\" \/><\/p>\n<p><img decoding=\"async\" src=\"https:\/\/www.sana.sy\/wp-content\/uploads\/2019\/07\/DSC_1200.jpg\" \/><\/p>\n<p>&nbsp;<\/p>\n","protected":false},"excerpt":{"rendered":"<p>Damasco, SANA Un civil cay\u00f3 m\u00e1rtir en la explosi\u00f3n de una carga explosiva endosada a un carro privado en el distrito capitalino de al-Qadam. El reportero de SANA inform\u00f3 que un artefacto explosivo sembrado en un coche particular estall\u00f3 mientras se mov\u00eda en la zona de al-Qadam en Damasco, causando la muerte del conductor, la &hellip;<\/p>\n","protected":false},"author":31,"featured_media":110997,"comment_status":"closed","ping_status":"closed","sticky":false,"template":"","format":"standard","meta":{"footnotes":""},"categories":[597,573,7541],"tags":[16016],"class_list":["post-110996","post","type-post","status-publish","format-standard","has-post-thumbnail","","category-cinta-de-noticias","category-la-realidad-de-los-acontecimientos-en-siria","category-ultimas-noticias","tag-muere-un-civil-en-la-explosion-de-un-artefacto-explosivo-endosado-a-un-coche"],"_links":{"self":[{"href":"https:\/\/archive.sana.sy\/es\/index.php?rest_route=\/wp\/v2\/posts\/110996"}],"collection":[{"href":"https:\/\/archive.sana.sy\/es\/index.php?rest_route=\/wp\/v2\/posts"}],"about":[{"href":"https:\/\/archive.sana.sy\/es\/index.php?rest_route=\/wp\/v2\/types\/post"}],"author":[{"embeddable":true,"href":"https:\/\/archive.sana.sy\/es\/index.php?rest_route=\/wp\/v2\/users\/31"}],"replies":[{"embeddable":true,"href":"https:\/\/archive.sana.sy\/es\/index.php?rest_route=%2Fwp%2Fv2%2Fcomments&post=110996"}],"version-history":[{"count":0,"href":"https:\/\/archive.sana.sy\/es\/index.php?rest_route=\/wp\/v2\/posts\/110996\/revisions"}],"wp:featuredmedia":[{"embeddable":true,"href":"https:\/\/archive.sana.sy\/es\/index.php?rest_route=\/wp\/v2\/media\/110997"}],"wp:attachment":[{"href":"https:\/\/archive.sana.sy\/es\/index.php?rest_route=%2Fwp%2Fv2%2Fmedia&parent=110996"}],"wp:term":[{"taxonomy":"category","embeddable":true,"href":"https:\/\/archive.sana.sy\/es\/index.php?rest_route=%2Fwp%2Fv2%2Fcategories&post=110996"},{"taxonomy":"post_tag","embeddable":true,"href":"https:\/\/archive.sana.sy\/es\/index.php?rest_route=%2Fwp%2Fv2%2Ftags&post=110996"}],"curies":[{"name":"wp","href":"https:\/\/api.w.org\/{rel}","templated":true}]}}