{"id":110999,"date":"2019-07-22T21:07:22","date_gmt":"2019-07-22T18:07:22","guid":{"rendered":"https:\/\/sana.sy\/es\/?p=110999"},"modified":"2019-07-24T18:13:11","modified_gmt":"2019-07-24T15:13:11","slug":"ataque-terrorista-deja-danos-en-la-universidad-de-tishreen","status":"publish","type":"post","link":"https:\/\/archive.sana.sy\/es\/?p=110999","title":{"rendered":"Ataque terrorista deja da\u00f1os en la Universidad de Tishreen"},"content":{"rendered":"<p><span style=\"color: #800000;\">Latakia-SANA<\/span><\/p>\n<p>Terroristas del Frente Al-Nusra desplegados en los extremos del campo norte de la provincia de Latakia, lanzaron un proyectil cohete contra la Universidad de Tishreen, provincia costera de Latakia.<\/p>\n<p>El corresponsal de SANA inform\u00f3 que el misil cay\u00f3 en el campus de la Universidad, causando solo da\u00f1os materiales en el lugar de impacto.<\/p>\n<p><span style=\"color: #0000ff;\">R. Rashed\/ Y.K.\u00a0<\/span><\/p>\n","protected":false},"excerpt":{"rendered":"<p>Latakia-SANA Terroristas del Frente Al-Nusra desplegados en los extremos del campo norte de la provincia de Latakia, lanzaron un proyectil cohete contra la Universidad de Tishreen, provincia costera de Latakia. El corresponsal de SANA inform\u00f3 que el misil cay\u00f3 en el campus de la Universidad, causando solo da\u00f1os materiales en el lugar de impacto. R. &hellip;<\/p>\n","protected":false},"author":31,"featured_media":111006,"comment_status":"closed","ping_status":"closed","sticky":false,"template":"","format":"standard","meta":{"footnotes":""},"categories":[597,573],"tags":[16017],"class_list":["post-110999","post","type-post","status-publish","format-standard","has-post-thumbnail","","category-cinta-de-noticias","category-la-realidad-de-los-acontecimientos-en-siria","tag-ataque-terrorista-deja-danos-en-la-universidad-de-tishreen"],"_links":{"self":[{"href":"https:\/\/archive.sana.sy\/es\/index.php?rest_route=\/wp\/v2\/posts\/110999"}],"collection":[{"href":"https:\/\/archive.sana.sy\/es\/index.php?rest_route=\/wp\/v2\/posts"}],"about":[{"href":"https:\/\/archive.sana.sy\/es\/index.php?rest_route=\/wp\/v2\/types\/post"}],"author":[{"embeddable":true,"href":"https:\/\/archive.sana.sy\/es\/index.php?rest_route=\/wp\/v2\/users\/31"}],"replies":[{"embeddable":true,"href":"https:\/\/archive.sana.sy\/es\/index.php?rest_route=%2Fwp%2Fv2%2Fcomments&post=110999"}],"version-history":[{"count":0,"href":"https:\/\/archive.sana.sy\/es\/index.php?rest_route=\/wp\/v2\/posts\/110999\/revisions"}],"wp:featuredmedia":[{"embeddable":true,"href":"https:\/\/archive.sana.sy\/es\/index.php?rest_route=\/wp\/v2\/media\/111006"}],"wp:attachment":[{"href":"https:\/\/archive.sana.sy\/es\/index.php?rest_route=%2Fwp%2Fv2%2Fmedia&parent=110999"}],"wp:term":[{"taxonomy":"category","embeddable":true,"href":"https:\/\/archive.sana.sy\/es\/index.php?rest_route=%2Fwp%2Fv2%2Fcategories&post=110999"},{"taxonomy":"post_tag","embeddable":true,"href":"https:\/\/archive.sana.sy\/es\/index.php?rest_route=%2Fwp%2Fv2%2Ftags&post=110999"}],"curies":[{"name":"wp","href":"https:\/\/api.w.org\/{rel}","templated":true}]}}