{"id":111003,"date":"2019-07-22T20:58:59","date_gmt":"2019-07-22T17:58:59","guid":{"rendered":"https:\/\/sana.sy\/es\/?p=111003"},"modified":"2019-07-23T10:04:03","modified_gmt":"2019-07-23T07:04:03","slug":"7-martires-en-ataques-terroristas-en-alepo","status":"publish","type":"post","link":"https:\/\/archive.sana.sy\/es\/?p=111003","title":{"rendered":"Siete civiles mueren en ataques terroristas contra ciudad de Alepo"},"content":{"rendered":"<p style=\"text-align: justify;\"><span style=\"color: #800000;\">Alepo, SANA<\/span><\/p>\n<p style=\"text-align: justify;\">Siete civiles perdieron la vida y varios resultaron heridos a consecuencia de ataques terroristas contra la ciudad de Alepo.<\/p>\n<p style=\"text-align: justify;\">La polic\u00eda de Alepo inform\u00f3 que los terroristas atrincherados al oeste de la ciudad bombardearon con cohetes a los barrios de Yamilieh y Hamdanieh lo que caus\u00f3 la muerte de siete civiles y heridas a otros.<\/p>\n<p style=\"text-align: justify;\">Los heridos fueron trasladados a los hospitales al-Razi y al-Yamei, donde reciben tratamiento.<\/p>\n<p style=\"text-align: justify;\">El ataque provoc\u00f3, adem\u00e1s, severos da\u00f1os materiales en las propiedades p\u00fablica y privadas.<\/p>\n<p style=\"text-align: justify;\">Unidades del ej\u00e9rcito respondieron con intensos bombardeos a las fuentes de lanzamiento de los misiles.<\/p>\n<p style=\"text-align: justify;\"><span style=\"color: #0000ff;\">Y.K.\/ F. Marouf<\/span><\/p>\n<p style=\"text-align: justify;\"><img decoding=\"async\" src=\"http:\/\/www.sana.sy\/wp-content\/uploads\/2019\/07\/3-186.jpg\" \/><\/p>\n<p style=\"text-align: justify;\"><img decoding=\"async\" src=\"http:\/\/www.sana.sy\/wp-content\/uploads\/2019\/07\/6-141.jpg\" \/><\/p>\n<p style=\"text-align: justify;\"><img decoding=\"async\" src=\"https:\/\/www.sana.sy\/wp-content\/uploads\/2019\/07\/7-126.jpg\" \/><\/p>\n<p style=\"text-align: justify;\"><img decoding=\"async\" src=\"https:\/\/www.sana.sy\/wp-content\/uploads\/2019\/07\/6-142.jpg\" \/><\/p>\n<p style=\"text-align: justify;\"><img decoding=\"async\" src=\"https:\/\/www.sana.sy\/wp-content\/uploads\/2019\/07\/5-146.jpg\" \/><\/p>\n<p style=\"text-align: justify;\"><img decoding=\"async\" src=\"https:\/\/www.sana.sy\/wp-content\/uploads\/2019\/07\/4-163.jpg\" \/><\/p>\n<p style=\"text-align: justify;\"><img decoding=\"async\" src=\"https:\/\/www.sana.sy\/wp-content\/uploads\/2019\/07\/2-220.jpg\" \/><\/p>\n<p style=\"text-align: justify;\"><img decoding=\"async\" src=\"https:\/\/www.sana.sy\/wp-content\/uploads\/2019\/07\/1-303.jpg\" \/><\/p>\n<p style=\"text-align: justify;\"><img decoding=\"async\" src=\"https:\/\/www.sana.sy\/wp-content\/uploads\/2019\/07\/5-145.jpg\" \/><\/p>\n<p style=\"text-align: justify;\">\n<p style=\"text-align: justify;\">\n","protected":false},"excerpt":{"rendered":"<p>Alepo, SANA Siete civiles perdieron la vida y varios resultaron heridos a consecuencia de ataques terroristas contra la ciudad de Alepo. La polic\u00eda de Alepo inform\u00f3 que los terroristas atrincherados al oeste de la ciudad bombardearon con cohetes a los barrios de Yamilieh y Hamdanieh lo que caus\u00f3 la muerte de siete civiles y heridas &hellip;<\/p>\n","protected":false},"author":1,"featured_media":111018,"comment_status":"closed","ping_status":"closed","sticky":false,"template":"","format":"standard","meta":{"footnotes":""},"categories":[597,573,7541],"tags":[16020],"class_list":["post-111003","post","type-post","status-publish","format-standard","has-post-thumbnail","","category-cinta-de-noticias","category-la-realidad-de-los-acontecimientos-en-siria","category-ultimas-noticias","tag-siete-civiles-mueren-en-ataques-terroristas-contra-ciudad-de-alepo"],"_links":{"self":[{"href":"https:\/\/archive.sana.sy\/es\/index.php?rest_route=\/wp\/v2\/posts\/111003"}],"collection":[{"href":"https:\/\/archive.sana.sy\/es\/index.php?rest_route=\/wp\/v2\/posts"}],"about":[{"href":"https:\/\/archive.sana.sy\/es\/index.php?rest_route=\/wp\/v2\/types\/post"}],"author":[{"embeddable":true,"href":"https:\/\/archive.sana.sy\/es\/index.php?rest_route=\/wp\/v2\/users\/1"}],"replies":[{"embeddable":true,"href":"https:\/\/archive.sana.sy\/es\/index.php?rest_route=%2Fwp%2Fv2%2Fcomments&post=111003"}],"version-history":[{"count":0,"href":"https:\/\/archive.sana.sy\/es\/index.php?rest_route=\/wp\/v2\/posts\/111003\/revisions"}],"wp:featuredmedia":[{"embeddable":true,"href":"https:\/\/archive.sana.sy\/es\/index.php?rest_route=\/wp\/v2\/media\/111018"}],"wp:attachment":[{"href":"https:\/\/archive.sana.sy\/es\/index.php?rest_route=%2Fwp%2Fv2%2Fmedia&parent=111003"}],"wp:term":[{"taxonomy":"category","embeddable":true,"href":"https:\/\/archive.sana.sy\/es\/index.php?rest_route=%2Fwp%2Fv2%2Fcategories&post=111003"},{"taxonomy":"post_tag","embeddable":true,"href":"https:\/\/archive.sana.sy\/es\/index.php?rest_route=%2Fwp%2Fv2%2Ftags&post=111003"}],"curies":[{"name":"wp","href":"https:\/\/api.w.org\/{rel}","templated":true}]}}