{"id":111528,"date":"2019-07-31T19:54:17","date_gmt":"2019-07-31T16:54:17","guid":{"rendered":"https:\/\/sana.sy\/es\/?p=111528"},"modified":"2019-08-01T10:17:18","modified_gmt":"2019-08-01T07:17:18","slug":"liberan-a-15-retenidos-por-los-grupos-terroristas-en-el-campo-noreste-de-alepo","status":"publish","type":"post","link":"https:\/\/archive.sana.sy\/es\/?p=111528","title":{"rendered":"Liberan a 15 personas secuestradas por terroristas en el campo noreste de Alepo"},"content":{"rendered":"<p style=\"text-align: justify;\"><span style=\"color: #800000;\">Alepo, SANA<\/span><\/p>\n<p style=\"text-align: justify;\">El Ej\u00e9rcito logr\u00f3 liberar a 15 personas que estaban secuestradas por los grupos terroristas en el campo noreste de la provincia de Alepo.<\/p>\n<p style=\"text-align: justify;\">Seg\u00fan inform\u00f3 el corresponsal de SANA, los 15 liberados hab\u00edan sido secuestrados en diferentes zonas del campo de Alepo en un canje que se efectu\u00f3 en el poblado de Deir Qaq, perteneciente a la localidad de Bab en el campo este de Alepo.<\/p>\n<p style=\"text-align: justify;\">Algunos de los liberados declararon que los terroristas hab\u00edan atacado sus casas y las saquearon, y luego los secuestraron donde fueron sometidos a diversos tipos de tortura y malos tratos durante el per\u00edodo de su secuestro.<\/p>\n<p style=\"text-align: justify;\">Expresaron su agradecimiento al ej\u00e9rcito sirio que est\u00e1 haciendo sacrificios en su guerra contra las organizaciones terroristas para restablecer la seguridad y la estabilidad en todas las \u00e1reas.<\/p>\n<p style=\"text-align: justify;\"><span style=\"color: #0000ff;\">Lynn A.\/ F. Marouf\/ E. Dubian<\/span><\/p>\n<div id='gallery-1' class='gallery galleryid-111528 gallery-columns-3 gallery-size-thumbnail'><figure class='gallery-item'>\n\t\t\t<div class='gallery-icon landscape'>\n\t\t\t\t<a href='https:\/\/archive.sana.sy\/es\/wp-content\/uploads\/2019\/07\/IMG_4907.jpg'><img loading=\"lazy\" decoding=\"async\" width=\"150\" height=\"84\" src=\"https:\/\/archive.sana.sy\/es\/wp-content\/uploads\/2019\/07\/IMG_4907-150x84.jpg\" class=\"attachment-thumbnail size-thumbnail\" alt=\"\" srcset=\"https:\/\/archive.sana.sy\/es\/wp-content\/uploads\/2019\/07\/IMG_4907-150x84.jpg 150w, https:\/\/archive.sana.sy\/es\/wp-content\/uploads\/2019\/07\/IMG_4907-300x168.jpg 300w, https:\/\/archive.sana.sy\/es\/wp-content\/uploads\/2019\/07\/IMG_4907-768x429.jpg 768w, https:\/\/archive.sana.sy\/es\/wp-content\/uploads\/2019\/07\/IMG_4907-1024x572.jpg 1024w\" sizes=\"(max-width: 150px) 100vw, 150px\" \/><\/a>\n\t\t\t<\/div><\/figure><figure class='gallery-item'>\n\t\t\t<div class='gallery-icon landscape'>\n\t\t\t\t<a href='https:\/\/archive.sana.sy\/es\/wp-content\/uploads\/2019\/07\/IMG_4901.jpg'><img loading=\"lazy\" decoding=\"async\" width=\"150\" height=\"100\" src=\"https:\/\/archive.sana.sy\/es\/wp-content\/uploads\/2019\/07\/IMG_4901-150x100.jpg\" class=\"attachment-thumbnail size-thumbnail\" alt=\"\" srcset=\"https:\/\/archive.sana.sy\/es\/wp-content\/uploads\/2019\/07\/IMG_4901-150x100.jpg 150w, https:\/\/archive.sana.sy\/es\/wp-content\/uploads\/2019\/07\/IMG_4901-300x200.jpg 300w, https:\/\/archive.sana.sy\/es\/wp-content\/uploads\/2019\/07\/IMG_4901-768x512.jpg 768w, https:\/\/archive.sana.sy\/es\/wp-content\/uploads\/2019\/07\/IMG_4901-1024x682.jpg 1024w, https:\/\/archive.sana.sy\/es\/wp-content\/uploads\/2019\/07\/IMG_4901-310x205.jpg 310w\" sizes=\"(max-width: 150px) 100vw, 150px\" \/><\/a>\n\t\t\t<\/div><\/figure><figure class='gallery-item'>\n\t\t\t<div class='gallery-icon landscape'>\n\t\t\t\t<a href='https:\/\/archive.sana.sy\/es\/wp-content\/uploads\/2019\/07\/IMG_4898.jpg'><img loading=\"lazy\" decoding=\"async\" width=\"150\" height=\"100\" src=\"https:\/\/archive.sana.sy\/es\/wp-content\/uploads\/2019\/07\/IMG_4898-150x100.jpg\" class=\"attachment-thumbnail size-thumbnail\" alt=\"\" srcset=\"https:\/\/archive.sana.sy\/es\/wp-content\/uploads\/2019\/07\/IMG_4898-150x100.jpg 150w, https:\/\/archive.sana.sy\/es\/wp-content\/uploads\/2019\/07\/IMG_4898-300x200.jpg 300w, https:\/\/archive.sana.sy\/es\/wp-content\/uploads\/2019\/07\/IMG_4898-768x512.jpg 768w, https:\/\/archive.sana.sy\/es\/wp-content\/uploads\/2019\/07\/IMG_4898-1024x683.jpg 1024w, https:\/\/archive.sana.sy\/es\/wp-content\/uploads\/2019\/07\/IMG_4898-310x205.jpg 310w\" sizes=\"(max-width: 150px) 100vw, 150px\" \/><\/a>\n\t\t\t<\/div><\/figure><figure class='gallery-item'>\n\t\t\t<div class='gallery-icon landscape'>\n\t\t\t\t<a href='https:\/\/archive.sana.sy\/es\/wp-content\/uploads\/2019\/07\/IMG_4897.jpg'><img loading=\"lazy\" decoding=\"async\" width=\"150\" height=\"89\" src=\"https:\/\/archive.sana.sy\/es\/wp-content\/uploads\/2019\/07\/IMG_4897-150x89.jpg\" class=\"attachment-thumbnail size-thumbnail\" alt=\"\" srcset=\"https:\/\/archive.sana.sy\/es\/wp-content\/uploads\/2019\/07\/IMG_4897-150x89.jpg 150w, https:\/\/archive.sana.sy\/es\/wp-content\/uploads\/2019\/07\/IMG_4897-300x179.jpg 300w, https:\/\/archive.sana.sy\/es\/wp-content\/uploads\/2019\/07\/IMG_4897-768x458.jpg 768w, https:\/\/archive.sana.sy\/es\/wp-content\/uploads\/2019\/07\/IMG_4897-1024x610.jpg 1024w\" sizes=\"(max-width: 150px) 100vw, 150px\" \/><\/a>\n\t\t\t<\/div><\/figure><figure class='gallery-item'>\n\t\t\t<div class='gallery-icon landscape'>\n\t\t\t\t<a href='https:\/\/archive.sana.sy\/es\/wp-content\/uploads\/2019\/07\/IMG_4895.jpg'><img loading=\"lazy\" decoding=\"async\" width=\"150\" height=\"90\" src=\"https:\/\/archive.sana.sy\/es\/wp-content\/uploads\/2019\/07\/IMG_4895-150x90.jpg\" class=\"attachment-thumbnail size-thumbnail\" alt=\"\" srcset=\"https:\/\/archive.sana.sy\/es\/wp-content\/uploads\/2019\/07\/IMG_4895-150x90.jpg 150w, https:\/\/archive.sana.sy\/es\/wp-content\/uploads\/2019\/07\/IMG_4895-300x181.jpg 300w, https:\/\/archive.sana.sy\/es\/wp-content\/uploads\/2019\/07\/IMG_4895-768x463.jpg 768w, https:\/\/archive.sana.sy\/es\/wp-content\/uploads\/2019\/07\/IMG_4895-1024x617.jpg 1024w\" sizes=\"(max-width: 150px) 100vw, 150px\" \/><\/a>\n\t\t\t<\/div><\/figure><figure class='gallery-item'>\n\t\t\t<div class='gallery-icon landscape'>\n\t\t\t\t<a href='https:\/\/archive.sana.sy\/es\/wp-content\/uploads\/2019\/07\/IMG_4893.jpg'><img loading=\"lazy\" decoding=\"async\" width=\"150\" height=\"100\" src=\"https:\/\/archive.sana.sy\/es\/wp-content\/uploads\/2019\/07\/IMG_4893-150x100.jpg\" class=\"attachment-thumbnail size-thumbnail\" alt=\"\" srcset=\"https:\/\/archive.sana.sy\/es\/wp-content\/uploads\/2019\/07\/IMG_4893-150x100.jpg 150w, https:\/\/archive.sana.sy\/es\/wp-content\/uploads\/2019\/07\/IMG_4893-300x200.jpg 300w, https:\/\/archive.sana.sy\/es\/wp-content\/uploads\/2019\/07\/IMG_4893-768x512.jpg 768w, https:\/\/archive.sana.sy\/es\/wp-content\/uploads\/2019\/07\/IMG_4893-1024x683.jpg 1024w, https:\/\/archive.sana.sy\/es\/wp-content\/uploads\/2019\/07\/IMG_4893-310x205.jpg 310w\" sizes=\"(max-width: 150px) 100vw, 150px\" \/><\/a>\n\t\t\t<\/div><\/figure>\n\t\t<\/div>\n\n","protected":false},"excerpt":{"rendered":"<p>Alepo, SANA El Ej\u00e9rcito logr\u00f3 liberar a 15 personas que estaban secuestradas por los grupos terroristas en el campo noreste de la provincia de Alepo. Seg\u00fan inform\u00f3 el corresponsal de SANA, los 15 liberados hab\u00edan sido secuestrados en diferentes zonas del campo de Alepo en un canje que se efectu\u00f3 en el poblado de Deir &hellip;<\/p>\n","protected":false},"author":24,"featured_media":111534,"comment_status":"closed","ping_status":"closed","sticky":false,"template":"","format":"standard","meta":{"footnotes":""},"categories":[597,476,7541],"tags":[16096],"class_list":["post-111528","post","type-post","status-publish","format-standard","has-post-thumbnail","","category-cinta-de-noticias","category-locales","category-ultimas-noticias","tag-liberan-a-15-personas-secuestradas-por-terroristas-en-el-campo-noreste-de-alepo"],"_links":{"self":[{"href":"https:\/\/archive.sana.sy\/es\/index.php?rest_route=\/wp\/v2\/posts\/111528"}],"collection":[{"href":"https:\/\/archive.sana.sy\/es\/index.php?rest_route=\/wp\/v2\/posts"}],"about":[{"href":"https:\/\/archive.sana.sy\/es\/index.php?rest_route=\/wp\/v2\/types\/post"}],"author":[{"embeddable":true,"href":"https:\/\/archive.sana.sy\/es\/index.php?rest_route=\/wp\/v2\/users\/24"}],"replies":[{"embeddable":true,"href":"https:\/\/archive.sana.sy\/es\/index.php?rest_route=%2Fwp%2Fv2%2Fcomments&post=111528"}],"version-history":[{"count":0,"href":"https:\/\/archive.sana.sy\/es\/index.php?rest_route=\/wp\/v2\/posts\/111528\/revisions"}],"wp:featuredmedia":[{"embeddable":true,"href":"https:\/\/archive.sana.sy\/es\/index.php?rest_route=\/wp\/v2\/media\/111534"}],"wp:attachment":[{"href":"https:\/\/archive.sana.sy\/es\/index.php?rest_route=%2Fwp%2Fv2%2Fmedia&parent=111528"}],"wp:term":[{"taxonomy":"category","embeddable":true,"href":"https:\/\/archive.sana.sy\/es\/index.php?rest_route=%2Fwp%2Fv2%2Fcategories&post=111528"},{"taxonomy":"post_tag","embeddable":true,"href":"https:\/\/archive.sana.sy\/es\/index.php?rest_route=%2Fwp%2Fv2%2Ftags&post=111528"}],"curies":[{"name":"wp","href":"https:\/\/api.w.org\/{rel}","templated":true}]}}