{"id":111542,"date":"2019-07-31T22:03:04","date_gmt":"2019-07-31T19:03:04","guid":{"rendered":"https:\/\/sana.sy\/es\/?p=111542"},"modified":"2019-07-31T22:32:52","modified_gmt":"2019-07-31T19:32:52","slug":"muere-un-nino-en-un-ataque-terrorista-contra-la-ciudad-de-alepo","status":"publish","type":"post","link":"https:\/\/archive.sana.sy\/es\/?p=111542","title":{"rendered":"Muere un ni\u00f1o en un ataque terrorista contra la ciudad de Alepo"},"content":{"rendered":"<p><span style=\"color: #800000;\">Alepo, SANA<\/span><\/p>\n<p style=\"text-align: justify;\">Un ni\u00f1o perdi\u00f3 la vida y otros 8 civiles resultaron heridos en bombardeos terroristas contra la ciudad norte\u00f1a de Alepo.<\/p>\n<p style=\"text-align: justify;\">Fuente policial inform\u00f3 al corresponsal de SANA que terroristas del Frente al-Nusra, desplegados en la zona de al-Rashideen al oeste de la ciudad de Alepo, lanzaron esta tarde varios misiles contra el barrio de al-Zabadiyeh, ocasionando la muerte de un ni\u00f1o y heridas a 8 civiles, adem\u00e1s de da\u00f1os materiales en las propiedades privadas.<\/p>\n<p style=\"text-align: justify;\">Los heridos fueron trasladados al hospital de al-Razi, agreg\u00f3 el reportero.<\/p>\n<p style=\"text-align: justify;\">Las unidades del Ej\u00e9rcito sirio respondieron a este ataque logrando infligir bajas entre las filas de los terroristas de al Nusra, y destruirles varios lanzacohetes.<\/p>\n<p><span style=\"color: #0000ff;\">R. Rashed\/ Lynn A.\u00a0<\/span><\/p>\n<p>&nbsp;<\/p>\n<p><img decoding=\"async\" src=\"http:\/\/www.sana.sy\/wp-content\/uploads\/2019\/07\/2-318.jpg\" \/><\/p>\n<p><img decoding=\"async\" src=\"https:\/\/www.sana.sy\/wp-content\/uploads\/2019\/07\/8-141.jpg\" \/><\/p>\n<p><img decoding=\"async\" src=\"https:\/\/www.sana.sy\/wp-content\/uploads\/2019\/07\/6-186.jpg\" \/><\/p>\n<p><img decoding=\"async\" src=\"https:\/\/www.sana.sy\/wp-content\/uploads\/2019\/07\/5-207.jpg\" \/><\/p>\n<p><img decoding=\"async\" src=\"https:\/\/www.sana.sy\/wp-content\/uploads\/2019\/07\/4-226.jpg\" \/><\/p>\n<p><img decoding=\"async\" src=\"https:\/\/www.sana.sy\/wp-content\/uploads\/2019\/07\/3-262.jpg\" \/><\/p>\n<p>&nbsp;<\/p>\n","protected":false},"excerpt":{"rendered":"<p>Alepo, SANA Un ni\u00f1o perdi\u00f3 la vida y otros 8 civiles resultaron heridos en bombardeos terroristas contra la ciudad norte\u00f1a de Alepo. Fuente policial inform\u00f3 al corresponsal de SANA que terroristas del Frente al-Nusra, desplegados en la zona de al-Rashideen al oeste de la ciudad de Alepo, lanzaron esta tarde varios misiles contra el barrio &hellip;<\/p>\n","protected":false},"author":31,"featured_media":111543,"comment_status":"closed","ping_status":"closed","sticky":false,"template":"","format":"standard","meta":{"footnotes":""},"categories":[597,573,7541],"tags":[16093],"class_list":["post-111542","post","type-post","status-publish","format-standard","has-post-thumbnail","","category-cinta-de-noticias","category-la-realidad-de-los-acontecimientos-en-siria","category-ultimas-noticias","tag-muere-un-nino-en-un-ataque-terrorista-contra-la-ciudad-de-alepo"],"_links":{"self":[{"href":"https:\/\/archive.sana.sy\/es\/index.php?rest_route=\/wp\/v2\/posts\/111542"}],"collection":[{"href":"https:\/\/archive.sana.sy\/es\/index.php?rest_route=\/wp\/v2\/posts"}],"about":[{"href":"https:\/\/archive.sana.sy\/es\/index.php?rest_route=\/wp\/v2\/types\/post"}],"author":[{"embeddable":true,"href":"https:\/\/archive.sana.sy\/es\/index.php?rest_route=\/wp\/v2\/users\/31"}],"replies":[{"embeddable":true,"href":"https:\/\/archive.sana.sy\/es\/index.php?rest_route=%2Fwp%2Fv2%2Fcomments&post=111542"}],"version-history":[{"count":0,"href":"https:\/\/archive.sana.sy\/es\/index.php?rest_route=\/wp\/v2\/posts\/111542\/revisions"}],"wp:featuredmedia":[{"embeddable":true,"href":"https:\/\/archive.sana.sy\/es\/index.php?rest_route=\/wp\/v2\/media\/111543"}],"wp:attachment":[{"href":"https:\/\/archive.sana.sy\/es\/index.php?rest_route=%2Fwp%2Fv2%2Fmedia&parent=111542"}],"wp:term":[{"taxonomy":"category","embeddable":true,"href":"https:\/\/archive.sana.sy\/es\/index.php?rest_route=%2Fwp%2Fv2%2Fcategories&post=111542"},{"taxonomy":"post_tag","embeddable":true,"href":"https:\/\/archive.sana.sy\/es\/index.php?rest_route=%2Fwp%2Fv2%2Ftags&post=111542"}],"curies":[{"name":"wp","href":"https:\/\/api.w.org\/{rel}","templated":true}]}}