{"id":111561,"date":"2019-08-01T10:19:17","date_gmt":"2019-08-01T07:19:17","guid":{"rendered":"https:\/\/sana.sy\/es\/?p=111561"},"modified":"2019-08-21T21:38:25","modified_gmt":"2019-08-21T18:38:25","slug":"presidente-al-assad-dirigio-palabras-al-ejercito-sirio-que-celebra-hoy-el-74-aniversario-de-su-creacion","status":"publish","type":"post","link":"https:\/\/archive.sana.sy\/es\/?p=111561","title":{"rendered":"Presidente al-Assad: la historia recordar\u00e1 para siempre el hero\u00edsmo y sacrificio del ej\u00e9rcito sirio"},"content":{"rendered":"<p style=\"text-align: justify;\"><span style=\"color: #800000;\">Damasco, SANA<\/span><\/p>\n<p style=\"text-align: justify;\">El presidente Bashar Al-Assad, Comandante en Jefe del Ej\u00e9rcito y las Fuerzas Armadas, afirm\u00f3 que el ej\u00e9rcito \u00e1rabe sirio ha hecho enormes sacrificios por defender la patria y los ciudadanos, y la historia recordar\u00e1 para siempre su hero\u00edsmo, valent\u00eda y sacrificio en la lucha contra el terrorismo y la agresi\u00f3n.<\/p>\n<p style=\"text-align: justify;\">La afirmaci\u00f3n del presidente fue expresada en unas palabras dirigidas al ej\u00e9rcito sirio que celebra hoy el 74 aniversario de su creaci\u00f3n, y que fueron publicadas en la revista Jaish Shaab (Ej\u00e9rcito del Pueblo).<\/p>\n<p style=\"text-align: justify;\">&#8220;Les saludo y felicito; vosotros sois hombres de la dignidad, el honor y la soberan\u00eda&#8221;, dijo el presidente, y agreg\u00f3 que &#8220;los oficiales, suboficiales y soldados del ej\u00e9rcito son los protagonistas de la victoria de la patria y los protectores de su soberan\u00eda, y merecen el aprecio y el amor de todo el pueblo&#8221;.<\/p>\n<p style=\"text-align: justify;\">&#8220;Nos sentimos orgullosos de su patriotismo y cumplimiento del deber. A lo largo de m\u00e1s de ocho a\u00f1os de esta guerra impuesta a Siria, lo dieron todo por proteger el pa\u00eds y mostraron bravura en su lucha contra el terrorismo y en el cumplimiento del mensaje y tambi\u00e9n en asumir la responsabilidad&#8221;, afirm\u00f3 el mandatario sirio.<\/p>\n<p style=\"text-align: justify;\">Agreg\u00f3 que los amigos y los enemigos reconocen la firmeza y paciencia del ej\u00e9rcito sirio que emana de su bravura, y su fe en Dios, la Patria y la justa causa que defienden.<\/p>\n<p style=\"text-align: justify;\">El l\u00edder sirio felicit\u00f3 de nuevo a los militares por cumplir su deber sagrado y merecer la confianza que le concedi\u00f3 el pueblo para defender el presente y el futuro.<\/p>\n<p style=\"text-align: justify;\">&#8220;Gloria eterna a los m\u00e1rtires, recuperaci\u00f3n para los heridos y victoria para la patria&#8221; concluy\u00f3 Al-Assda sus palabras.<\/p>\n<p style=\"text-align: justify;\"><span style=\"color: #0000ff;\">F. Marouf\/ E. Dubian<\/span><\/p>\n","protected":false},"excerpt":{"rendered":"<p>Damasco, SANA El presidente Bashar Al-Assad, Comandante en Jefe del Ej\u00e9rcito y las Fuerzas Armadas, afirm\u00f3 que el ej\u00e9rcito \u00e1rabe sirio ha hecho enormes sacrificios por defender la patria y los ciudadanos, y la historia recordar\u00e1 para siempre su hero\u00edsmo, valent\u00eda y sacrificio en la lucha contra el terrorismo y la agresi\u00f3n. La afirmaci\u00f3n del &hellip;<\/p>\n","protected":false},"author":32,"featured_media":111562,"comment_status":"closed","ping_status":"closed","sticky":false,"template":"","format":"standard","meta":{"footnotes":""},"categories":[597,16237,7541],"tags":[16098],"class_list":["post-111561","post","type-post","status-publish","format-standard","has-post-thumbnail","","category-cinta-de-noticias","category-presidence-de-la-republique-arabe-syria","category-ultimas-noticias","tag-presidente-al-assad-la-historia-recordara-para-siempre-el-heroismo-y-sacrificio-del-ejercito-sirio"],"_links":{"self":[{"href":"https:\/\/archive.sana.sy\/es\/index.php?rest_route=\/wp\/v2\/posts\/111561"}],"collection":[{"href":"https:\/\/archive.sana.sy\/es\/index.php?rest_route=\/wp\/v2\/posts"}],"about":[{"href":"https:\/\/archive.sana.sy\/es\/index.php?rest_route=\/wp\/v2\/types\/post"}],"author":[{"embeddable":true,"href":"https:\/\/archive.sana.sy\/es\/index.php?rest_route=\/wp\/v2\/users\/32"}],"replies":[{"embeddable":true,"href":"https:\/\/archive.sana.sy\/es\/index.php?rest_route=%2Fwp%2Fv2%2Fcomments&post=111561"}],"version-history":[{"count":0,"href":"https:\/\/archive.sana.sy\/es\/index.php?rest_route=\/wp\/v2\/posts\/111561\/revisions"}],"wp:featuredmedia":[{"embeddable":true,"href":"https:\/\/archive.sana.sy\/es\/index.php?rest_route=\/wp\/v2\/media\/111562"}],"wp:attachment":[{"href":"https:\/\/archive.sana.sy\/es\/index.php?rest_route=%2Fwp%2Fv2%2Fmedia&parent=111561"}],"wp:term":[{"taxonomy":"category","embeddable":true,"href":"https:\/\/archive.sana.sy\/es\/index.php?rest_route=%2Fwp%2Fv2%2Fcategories&post=111561"},{"taxonomy":"post_tag","embeddable":true,"href":"https:\/\/archive.sana.sy\/es\/index.php?rest_route=%2Fwp%2Fv2%2Ftags&post=111561"}],"curies":[{"name":"wp","href":"https:\/\/api.w.org\/{rel}","templated":true}]}}