{"id":111607,"date":"2019-08-01T17:27:44","date_gmt":"2019-08-01T14:27:44","guid":{"rendered":"https:\/\/sana.sy\/es\/?p=111607"},"modified":"2019-08-02T18:34:12","modified_gmt":"2019-08-02T15:34:12","slug":"comienza-nueva-ronda-de-conversaciones-de-astana-sobre-el-arreglo-de-la-crisis-en-siria-sana","status":"publish","type":"post","link":"https:\/\/archive.sana.sy\/es\/?p=111607","title":{"rendered":"Comienza nueva ronda de conversaciones de Astan\u00e1 sobre el arreglo de la crisis en Siria. (SANA)"},"content":{"rendered":"<p style=\"text-align: justify;\"><span style=\"color: #800000;\">Nursultan, SANA<\/span><\/p>\n<p style=\"text-align: justify;\">Comenzaron hoy en la capital kazaja Nursultan, las reuniones de la 13 ronda de conversaciones sobre el arreglo de la crisis en Siria.<\/p>\n<p style=\"text-align: justify;\">La delegaci\u00f3n siria encabezada por Bashar Jaafari, delegado de Siria en la ONU, se reuni\u00f3 con la delegaci\u00f3n rusa encabezada por el enviado especial del presidente ruso a Siria, Alexander Lavrentiev.<\/p>\n<p style=\"text-align: justify;\">Tambi\u00e9n, mantuvo una reuni\u00f3n con la delegaci\u00f3n iraqu\u00ed encabezada por el embajador iraqu\u00ed en Mosc\u00fa, Haider Mansour Hadi, quien participa como observador en esta ronda de conversaciones.<\/p>\n<p style=\"text-align: justify;\">La delegaci\u00f3n siria asimismo sostuvo una reuni\u00f3n con la delegaci\u00f3n iran\u00ed, encabezada por Ali Asghar Khayi.<\/p>\n<p style=\"text-align: justify;\">Las dos delegaciones de Rusia e Ir\u00e1n hab\u00edan sostenido una reuni\u00f3n al comienzo de las conversaciones.<\/p>\n<p style=\"text-align: justify;\">Una delegaci\u00f3n de las Naciones Unidas presidida por Khawla Matar, Enviado Especial Adjunto del Secretario General de las Naciones Unidas para Siria, participa en las conversaciones como observador, as\u00ed como representantes del L\u00edbano e Irak, por primera vez, y representantes de Jordania.<\/p>\n<p style=\"text-align: justify;\">Doce reuniones bajo la f\u00f3rmula de Astan\u00e1 fueron celebradas, entre ellas hay una que efectu\u00f3 en la ciudad rusa de Sochi. Todas las reuniones confirmaron el compromiso total con salvaguardar la soberan\u00eda, la independencia y la integridad territorial de Siria y la continuaci\u00f3n de la lucha antiterrorista hasta la erradicaci\u00f3n definitiva de este flagelo.<\/p>\n<p style=\"text-align: justify;\"><span style=\"color: #0000ff;\">F. Marouf\/ E. Dubian\/ Y.K.<\/span><\/p>\n","protected":false},"excerpt":{"rendered":"<p>Nursultan, SANA Comenzaron hoy en la capital kazaja Nursultan, las reuniones de la 13 ronda de conversaciones sobre el arreglo de la crisis en Siria. La delegaci\u00f3n siria encabezada por Bashar Jaafari, delegado de Siria en la ONU, se reuni\u00f3 con la delegaci\u00f3n rusa encabezada por el enviado especial del presidente ruso a Siria, Alexander &hellip;<\/p>\n","protected":false},"author":32,"featured_media":111608,"comment_status":"closed","ping_status":"closed","sticky":false,"template":"","format":"standard","meta":{"footnotes":""},"categories":[597,467,7541],"tags":[16101],"class_list":["post-111607","post","type-post","status-publish","format-standard","has-post-thumbnail","","category-cinta-de-noticias","category-siria-y-el-mundo","category-ultimas-noticias","tag-comienza-nueva-ronda-de-conversaciones-de-astana-sobre-el-arreglo-de-la-crisis-en-siria-sana"],"_links":{"self":[{"href":"https:\/\/archive.sana.sy\/es\/index.php?rest_route=\/wp\/v2\/posts\/111607"}],"collection":[{"href":"https:\/\/archive.sana.sy\/es\/index.php?rest_route=\/wp\/v2\/posts"}],"about":[{"href":"https:\/\/archive.sana.sy\/es\/index.php?rest_route=\/wp\/v2\/types\/post"}],"author":[{"embeddable":true,"href":"https:\/\/archive.sana.sy\/es\/index.php?rest_route=\/wp\/v2\/users\/32"}],"replies":[{"embeddable":true,"href":"https:\/\/archive.sana.sy\/es\/index.php?rest_route=%2Fwp%2Fv2%2Fcomments&post=111607"}],"version-history":[{"count":0,"href":"https:\/\/archive.sana.sy\/es\/index.php?rest_route=\/wp\/v2\/posts\/111607\/revisions"}],"wp:featuredmedia":[{"embeddable":true,"href":"https:\/\/archive.sana.sy\/es\/index.php?rest_route=\/wp\/v2\/media\/111608"}],"wp:attachment":[{"href":"https:\/\/archive.sana.sy\/es\/index.php?rest_route=%2Fwp%2Fv2%2Fmedia&parent=111607"}],"wp:term":[{"taxonomy":"category","embeddable":true,"href":"https:\/\/archive.sana.sy\/es\/index.php?rest_route=%2Fwp%2Fv2%2Fcategories&post=111607"},{"taxonomy":"post_tag","embeddable":true,"href":"https:\/\/archive.sana.sy\/es\/index.php?rest_route=%2Fwp%2Fv2%2Ftags&post=111607"}],"curies":[{"name":"wp","href":"https:\/\/api.w.org\/{rel}","templated":true}]}}