{"id":111610,"date":"2019-08-01T13:40:26","date_gmt":"2019-08-01T10:40:26","guid":{"rendered":"https:\/\/sana.sy\/es\/?p=111610"},"modified":"2019-08-01T13:40:26","modified_gmt":"2019-08-01T10:40:26","slug":"parlamento-sirio-destaca-coraje-y-heroismo-de-las-fuerzas-armadas","status":"publish","type":"post","link":"https:\/\/archive.sana.sy\/es\/?p=111610","title":{"rendered":"Parlamento sirio destaca coraje y hero\u00edsmo de las Fuerzas Armadas"},"content":{"rendered":"<p class=\"m_-1686900515788031578ydp3fb151b3MsoNormal\" style=\"text-align: justify;\"><span style=\"color: #800000;\">Damasco, SANA<\/span><\/p>\n<p class=\"m_-1686900515788031578ydp3fb151b3MsoNormal\" style=\"text-align: justify;\">La Asamblea del Pueblo (Parlamento) resalt\u00f3 hoy el hero\u00edsmo del Ej\u00e9rcito \u00c1rabe Sirio, que demostr\u00f3 a lo largo de d\u00e9cadas, ser defensor de la seguridad de la patria y abort\u00f3 todos los planes y complots tejidos contra Siria.<\/p>\n<p class=\"m_-1686900515788031578ydp3fb151b3MsoNormal\" style=\"text-align: justify;\">En una declaraci\u00f3n emitida con motivo del 74 aniversario de la fundaci\u00f3n del ej\u00e9rcito, el Parlamento anunci\u00f3 que las masas del pueblo celebran esta efem\u00e9ride en un momento crucial en que el ej\u00e9rcito est\u00e1 logrando victorias en sus batallas contra terrorismo.<\/p>\n<p class=\"m_-1686900515788031578ydp3fb151b3MsoNormal\" style=\"text-align: justify;\">Asimismo, salud\u00f3 a los oficiales y soldados del ej\u00e9rcito que siempre han sido ejemplo a seguir en el patriotismo, el coraje y el sacrificio y el desempe\u00f1o de sus sagrados deberes.<\/p>\n<p style=\"text-align: justify;\"><span style=\"color: #0000ff;\">E. Dubian\/ F. Marouf<\/span><\/p>\n","protected":false},"excerpt":{"rendered":"<p>Damasco, SANA La Asamblea del Pueblo (Parlamento) resalt\u00f3 hoy el hero\u00edsmo del Ej\u00e9rcito \u00c1rabe Sirio, que demostr\u00f3 a lo largo de d\u00e9cadas, ser defensor de la seguridad de la patria y abort\u00f3 todos los planes y complots tejidos contra Siria. En una declaraci\u00f3n emitida con motivo del 74 aniversario de la fundaci\u00f3n del ej\u00e9rcito, el &hellip;<\/p>\n","protected":false},"author":32,"featured_media":111611,"comment_status":"closed","ping_status":"closed","sticky":false,"template":"","format":"standard","meta":{"footnotes":""},"categories":[597,476,7541],"tags":[16102],"class_list":["post-111610","post","type-post","status-publish","format-standard","has-post-thumbnail","","category-cinta-de-noticias","category-locales","category-ultimas-noticias","tag-parlamento-sirio-destaca-coraje-y-heroismo-de-las-fuerzas-armadas"],"_links":{"self":[{"href":"https:\/\/archive.sana.sy\/es\/index.php?rest_route=\/wp\/v2\/posts\/111610"}],"collection":[{"href":"https:\/\/archive.sana.sy\/es\/index.php?rest_route=\/wp\/v2\/posts"}],"about":[{"href":"https:\/\/archive.sana.sy\/es\/index.php?rest_route=\/wp\/v2\/types\/post"}],"author":[{"embeddable":true,"href":"https:\/\/archive.sana.sy\/es\/index.php?rest_route=\/wp\/v2\/users\/32"}],"replies":[{"embeddable":true,"href":"https:\/\/archive.sana.sy\/es\/index.php?rest_route=%2Fwp%2Fv2%2Fcomments&post=111610"}],"version-history":[{"count":0,"href":"https:\/\/archive.sana.sy\/es\/index.php?rest_route=\/wp\/v2\/posts\/111610\/revisions"}],"wp:featuredmedia":[{"embeddable":true,"href":"https:\/\/archive.sana.sy\/es\/index.php?rest_route=\/wp\/v2\/media\/111611"}],"wp:attachment":[{"href":"https:\/\/archive.sana.sy\/es\/index.php?rest_route=%2Fwp%2Fv2%2Fmedia&parent=111610"}],"wp:term":[{"taxonomy":"category","embeddable":true,"href":"https:\/\/archive.sana.sy\/es\/index.php?rest_route=%2Fwp%2Fv2%2Fcategories&post=111610"},{"taxonomy":"post_tag","embeddable":true,"href":"https:\/\/archive.sana.sy\/es\/index.php?rest_route=%2Fwp%2Fv2%2Ftags&post=111610"}],"curies":[{"name":"wp","href":"https:\/\/api.w.org\/{rel}","templated":true}]}}