{"id":111613,"date":"2019-08-01T16:23:50","date_gmt":"2019-08-01T13:23:50","guid":{"rendered":"https:\/\/sana.sy\/es\/?p=111613"},"modified":"2019-08-01T21:59:16","modified_gmt":"2019-08-01T18:59:16","slug":"agresion-israeli-causa-danos-materiales-en-qunietra","status":"publish","type":"post","link":"https:\/\/archive.sana.sy\/es\/?p=111613","title":{"rendered":"Agresi\u00f3n israel\u00ed causa da\u00f1os materiales en Qunietra"},"content":{"rendered":"<p>Qunietra-SANA<\/p>\n<p>El enemigo israel\u00ed ha lanzado un misil contra la colina de Breqa, en el campo oeste de la provincia de Qunietra lo que caus\u00f3 da\u00f1os materiales.<\/p>\n<p>Seg\u00fan informaciones el enemigo israel\u00ed atac\u00f3 a las dos de la tarde de hoy, la colina de Breqa con un misil, hecho que provoc\u00f3 da\u00f1os materiales.<\/p>\n<p>Y.K.<\/p>\n","protected":false},"excerpt":{"rendered":"<p>Qunietra-SANA El enemigo israel\u00ed ha lanzado un misil contra la colina de Breqa, en el campo oeste de la provincia de Qunietra lo que caus\u00f3 da\u00f1os materiales. Seg\u00fan informaciones el enemigo israel\u00ed atac\u00f3 a las dos de la tarde de hoy, la colina de Breqa con un misil, hecho que provoc\u00f3 da\u00f1os materiales. Y.K.<\/p>\n","protected":false},"author":1,"featured_media":0,"comment_status":"closed","ping_status":"closed","sticky":false,"template":"","format":"standard","meta":{"footnotes":""},"categories":[476,7541],"tags":[],"class_list":["post-111613","post","type-post","status-publish","format-standard","","category-locales","category-ultimas-noticias"],"_links":{"self":[{"href":"https:\/\/archive.sana.sy\/es\/index.php?rest_route=\/wp\/v2\/posts\/111613"}],"collection":[{"href":"https:\/\/archive.sana.sy\/es\/index.php?rest_route=\/wp\/v2\/posts"}],"about":[{"href":"https:\/\/archive.sana.sy\/es\/index.php?rest_route=\/wp\/v2\/types\/post"}],"author":[{"embeddable":true,"href":"https:\/\/archive.sana.sy\/es\/index.php?rest_route=\/wp\/v2\/users\/1"}],"replies":[{"embeddable":true,"href":"https:\/\/archive.sana.sy\/es\/index.php?rest_route=%2Fwp%2Fv2%2Fcomments&post=111613"}],"version-history":[{"count":0,"href":"https:\/\/archive.sana.sy\/es\/index.php?rest_route=\/wp\/v2\/posts\/111613\/revisions"}],"wp:attachment":[{"href":"https:\/\/archive.sana.sy\/es\/index.php?rest_route=%2Fwp%2Fv2%2Fmedia&parent=111613"}],"wp:term":[{"taxonomy":"category","embeddable":true,"href":"https:\/\/archive.sana.sy\/es\/index.php?rest_route=%2Fwp%2Fv2%2Fcategories&post=111613"},{"taxonomy":"post_tag","embeddable":true,"href":"https:\/\/archive.sana.sy\/es\/index.php?rest_route=%2Fwp%2Fv2%2Ftags&post=111613"}],"curies":[{"name":"wp","href":"https:\/\/api.w.org\/{rel}","templated":true}]}}