{"id":111620,"date":"2019-08-01T19:52:45","date_gmt":"2019-08-01T16:52:45","guid":{"rendered":"https:\/\/sana.sy\/es\/?p=111620"},"modified":"2019-08-02T18:35:14","modified_gmt":"2019-08-02T15:35:14","slug":"ministro-de-defensa-visita-formaciones-militares-y-heridos-del-ejercito","status":"publish","type":"post","link":"https:\/\/archive.sana.sy\/es\/?p=111620","title":{"rendered":"Ministro de Defensa visita formaciones militares y heridos del ej\u00e9rcito"},"content":{"rendered":"<p>Damasco-SANA<\/p>\n<p style=\"text-align: justify;\">Cumpliendo las orientaciones del Presidente Bashar Al-Assad, Comandante en Jefe del Ej\u00e9rcito y Las Fuerzas Amadas, el General Ali Abdullah Ayoub, Subcomandante en Jefe de las Fuerzas Armadas, Ministro de Defensa, visit\u00f3 a los heridos del ej\u00e9rcito por el 74 aniversario de la fundaci\u00f3n del ej\u00e9rcito \u00e1rabe sirio.<\/p>\n<p style=\"text-align: justify;\">El Subcomandante en Jefe de las Fuerzas Armadas escuch\u00f3 de los m\u00e9dicos una explicaci\u00f3n detallada sobre las etapas de su tratamiento y su estado de salud.<\/p>\n<p style=\"text-align: justify;\">De igual modo el ministro de defensa realiz\u00f3 una gira por varias formaciones del ej\u00e9rcito en la regi\u00f3n sur del pa\u00eds. El General Ayub transmiti\u00f3 a los combatientes el amor y orgullo del presidente Al-Assad por sus sacrificios y hero\u00edsmo en defensa de la patria y su dignidad.<\/p>\n<p style=\"text-align: justify;\">Al final de su gira el General Ayub dio orientaciones a los oficiales y combatientes, dese\u00e1ndoles todo \u00e9xito en sus misiones patri\u00f3ticas.<\/p>\n<p>Y.K.<\/p>\n","protected":false},"excerpt":{"rendered":"<p>Damasco-SANA Cumpliendo las orientaciones del Presidente Bashar Al-Assad, Comandante en Jefe del Ej\u00e9rcito y Las Fuerzas Amadas, el General Ali Abdullah Ayoub, Subcomandante en Jefe de las Fuerzas Armadas, Ministro de Defensa, visit\u00f3 a los heridos del ej\u00e9rcito por el 74 aniversario de la fundaci\u00f3n del ej\u00e9rcito \u00e1rabe sirio. El Subcomandante en Jefe de las &hellip;<\/p>\n","protected":false},"author":1,"featured_media":111621,"comment_status":"closed","ping_status":"closed","sticky":false,"template":"","format":"standard","meta":{"footnotes":""},"categories":[597,476,583],"tags":[],"class_list":["post-111620","post","type-post","status-publish","format-standard","has-post-thumbnail","","category-cinta-de-noticias","category-locales","category-slide"],"_links":{"self":[{"href":"https:\/\/archive.sana.sy\/es\/index.php?rest_route=\/wp\/v2\/posts\/111620"}],"collection":[{"href":"https:\/\/archive.sana.sy\/es\/index.php?rest_route=\/wp\/v2\/posts"}],"about":[{"href":"https:\/\/archive.sana.sy\/es\/index.php?rest_route=\/wp\/v2\/types\/post"}],"author":[{"embeddable":true,"href":"https:\/\/archive.sana.sy\/es\/index.php?rest_route=\/wp\/v2\/users\/1"}],"replies":[{"embeddable":true,"href":"https:\/\/archive.sana.sy\/es\/index.php?rest_route=%2Fwp%2Fv2%2Fcomments&post=111620"}],"version-history":[{"count":0,"href":"https:\/\/archive.sana.sy\/es\/index.php?rest_route=\/wp\/v2\/posts\/111620\/revisions"}],"wp:featuredmedia":[{"embeddable":true,"href":"https:\/\/archive.sana.sy\/es\/index.php?rest_route=\/wp\/v2\/media\/111621"}],"wp:attachment":[{"href":"https:\/\/archive.sana.sy\/es\/index.php?rest_route=%2Fwp%2Fv2%2Fmedia&parent=111620"}],"wp:term":[{"taxonomy":"category","embeddable":true,"href":"https:\/\/archive.sana.sy\/es\/index.php?rest_route=%2Fwp%2Fv2%2Fcategories&post=111620"},{"taxonomy":"post_tag","embeddable":true,"href":"https:\/\/archive.sana.sy\/es\/index.php?rest_route=%2Fwp%2Fv2%2Ftags&post=111620"}],"curies":[{"name":"wp","href":"https:\/\/api.w.org\/{rel}","templated":true}]}}