{"id":111624,"date":"2019-08-01T21:42:32","date_gmt":"2019-08-01T18:42:32","guid":{"rendered":"https:\/\/sana.sy\/es\/?p=111624"},"modified":"2019-08-02T18:31:25","modified_gmt":"2019-08-02T15:31:25","slug":"fuente-militar-cese-al-fuego-en-idleb-bajo-condicion-de-retirada-de-terroristas-20-km-de-la-linea-de-separacion","status":"publish","type":"post","link":"https:\/\/archive.sana.sy\/es\/?p=111624","title":{"rendered":"Fuente militar: Cese al fuego en Idleb bajo condici\u00f3n de retirada de terroristas 20 km de la l\u00ednea de separaci\u00f3n"},"content":{"rendered":"<p>Damasco-SANA<\/p>\n<p style=\"text-align: justify;\">Una Fuente militar ha anunciado la aceptaci\u00f3n de un cese al fuego, a partir de la noche de hoy, en la zona de desescalada establecida en Idleb bajo la condici\u00f3n de que se implemente el acuerdo de Sochi sobre esa zona.<\/p>\n<p style=\"text-align: justify;\">La fuente militar agreg\u00f3 que un alto al fuego es posible bajo la condici\u00f3n de que se implemente el acuerdo de Sochi que estipula la retirada de los terroristas y de sus armas medianas y pesadas unos 20 kil\u00f3metros de la l\u00ednea de separaci\u00f3n.<\/p>\n<p>Y.K.<\/p>\n","protected":false},"excerpt":{"rendered":"<p>Damasco-SANA Una Fuente militar ha anunciado la aceptaci\u00f3n de un cese al fuego, a partir de la noche de hoy, en la zona de desescalada establecida en Idleb bajo la condici\u00f3n de que se implemente el acuerdo de Sochi sobre esa zona. La fuente militar agreg\u00f3 que un alto al fuego es posible bajo la &hellip;<\/p>\n","protected":false},"author":1,"featured_media":111625,"comment_status":"closed","ping_status":"closed","sticky":false,"template":"","format":"standard","meta":{"footnotes":""},"categories":[597,476,7541],"tags":[],"class_list":["post-111624","post","type-post","status-publish","format-standard","has-post-thumbnail","","category-cinta-de-noticias","category-locales","category-ultimas-noticias"],"_links":{"self":[{"href":"https:\/\/archive.sana.sy\/es\/index.php?rest_route=\/wp\/v2\/posts\/111624"}],"collection":[{"href":"https:\/\/archive.sana.sy\/es\/index.php?rest_route=\/wp\/v2\/posts"}],"about":[{"href":"https:\/\/archive.sana.sy\/es\/index.php?rest_route=\/wp\/v2\/types\/post"}],"author":[{"embeddable":true,"href":"https:\/\/archive.sana.sy\/es\/index.php?rest_route=\/wp\/v2\/users\/1"}],"replies":[{"embeddable":true,"href":"https:\/\/archive.sana.sy\/es\/index.php?rest_route=%2Fwp%2Fv2%2Fcomments&post=111624"}],"version-history":[{"count":0,"href":"https:\/\/archive.sana.sy\/es\/index.php?rest_route=\/wp\/v2\/posts\/111624\/revisions"}],"wp:featuredmedia":[{"embeddable":true,"href":"https:\/\/archive.sana.sy\/es\/index.php?rest_route=\/wp\/v2\/media\/111625"}],"wp:attachment":[{"href":"https:\/\/archive.sana.sy\/es\/index.php?rest_route=%2Fwp%2Fv2%2Fmedia&parent=111624"}],"wp:term":[{"taxonomy":"category","embeddable":true,"href":"https:\/\/archive.sana.sy\/es\/index.php?rest_route=%2Fwp%2Fv2%2Fcategories&post=111624"},{"taxonomy":"post_tag","embeddable":true,"href":"https:\/\/archive.sana.sy\/es\/index.php?rest_route=%2Fwp%2Fv2%2Ftags&post=111624"}],"curies":[{"name":"wp","href":"https:\/\/api.w.org\/{rel}","templated":true}]}}