{"id":111802,"date":"2019-08-05T15:59:52","date_gmt":"2019-08-05T12:59:52","guid":{"rendered":"https:\/\/sana.sy\/es\/?p=111802"},"modified":"2019-08-06T08:51:07","modified_gmt":"2019-08-06T05:51:07","slug":"ejercito-sirio-denuncia-violaciones-terroristas-al-alto-el-fuego-y-asegura-que-reanudara-sus-operaciones-en-idleb","status":"publish","type":"post","link":"https:\/\/archive.sana.sy\/es\/?p=111802","title":{"rendered":"Ej\u00e9rcito sirio denuncia violaciones terroristas al alto el fuego y asegura que reanudar\u00e1 sus operaciones en Idleb"},"content":{"rendered":"<div class=\"gs\">\n<div class=\"\">\n<div id=\":nw\" class=\"ii gt adO\">\n<div id=\":nv\" class=\"a3s aXjCH \">\n<div class=\"m_4436919945478058427ydp4e481ab1yahoo-style-wrap\">\n<div dir=\"ltr\">\n<div>\n<p class=\"m_4436919945478058427ydp3302674bMsoListParagraphCxSpMiddle\" style=\"text-align: justify\"><span style=\"color: #800000\">Damasco, SANA<\/span><\/p>\n<p class=\"m_4436919945478058427ydp3302674bMsoListParagraphCxSpMiddle\" style=\"text-align: justify\">El ej\u00e9rcito sirio anunci\u00f3 hoy que los grupos terroristas violaron varias veces el alto el fuego y siguen atacando a los civiles en las zonas pobladas alrededor de la provincia de Idleb.<\/p>\n<p class=\"m_4436919945478058427ydp3302674bMsoListParagraphCxSpMiddle\" style=\"text-align: justify\">En una declaraci\u00f3n, el Comando General del Ej\u00e9rcito y las Fuerzas Armadas asegur\u00f3 que a pesar de que el ej\u00e9rcito sirio anunci\u00f3 el d\u00eda 1 de agosto su aceptaci\u00f3n al alto el fuego en la zona de distensi\u00f3n en Idleb, los grupos terroristas armados, apoyados por Turqu\u00eda, se negaron a acatar el alto el fuego y lanzaron varios ataques contra civiles en las zonas pobladas circundantes.<\/p>\n<p class=\"m_4436919945478058427ydp3302674bMsoListParagraphCxSpMiddle\" style=\"text-align: justify\">Seg\u00fan el texto de la declaraci\u00f3n, \u201cel r\u00e9gimen turco sigue permitiendo a sus organizaciones terroristas con sede en Idleb que lleven a cabo ataques, lo cual confirma que Ankara contin\u00faa su enfoque saboteador e ignora la implementaci\u00f3n de sus obligaciones en virtud del Acuerdo de Sochi para la regi\u00f3n de Idleb\u201d.<\/p>\n<p class=\"m_4436919945478058427ydp3302674bMsoListParagraphCxSpMiddle\" style=\"text-align: justify\">Agreg\u00f3 que eso ha contribuido al fortalecimiento de las posiciones terroristas y la propagaci\u00f3n de la amenaza del terrorismo en territorio sirio.<\/p>\n<p class=\"m_4436919945478058427ydp3302674bMsoListParagraphCxSpFirst\" style=\"text-align: justify\">\u201cTeniendo en cuenta que la aceptaci\u00f3n del alto el fuego por parte del ej\u00e9rcito estaba condicionada con la implementaci\u00f3n de Ankara de sus compromisos, las fuerzas armadas reanudar\u00e1n sus operaciones contra las organizaciones terroristas y responder\u00e1n a sus agresiones en virtud de sus deberes constitucionales de proteger al pueblo sirio y garantizar su seguridad\u201d, concluy\u00f3 el ej\u00e9rcito sirio su declaraci\u00f3n.Ej\u00e9rcito sirio denuncia violaciones terroristas al alto el fuego y asegura que reanudar\u00e1 sus operaciones en Idleb<\/p>\n<p class=\"m_4436919945478058427ydp3302674bMsoListParagraphCxSpMiddle\" style=\"text-align: justify\"><span style=\"color: #0000ff\">F. Marouf\/ E. Dubian<\/span><\/p>\n<\/div>\n<\/div>\n<\/div>\n<\/div>\n<\/div>\n<div class=\"hi\" style=\"text-align: justify\"><\/div>\n<\/div>\n<\/div>\n","protected":false},"excerpt":{"rendered":"<p>Damasco, SANA El ej\u00e9rcito sirio anunci\u00f3 hoy que los grupos terroristas violaron varias veces el alto el fuego y siguen atacando a los civiles en las zonas pobladas alrededor de la provincia de Idleb. En una declaraci\u00f3n, el Comando General del Ej\u00e9rcito y las Fuerzas Armadas asegur\u00f3 que a pesar de que el ej\u00e9rcito sirio &hellip;<\/p>\n","protected":false},"author":32,"featured_media":111837,"comment_status":"closed","ping_status":"closed","sticky":false,"template":"","format":"standard","meta":{"footnotes":""},"categories":[597,476,583],"tags":[16132],"class_list":["post-111802","post","type-post","status-publish","format-standard","has-post-thumbnail","","category-cinta-de-noticias","category-locales","category-slide","tag-ejercito-sirio-denuncia-violaciones-terroristas-al-alto-el-fuego-y-asegura-que-reanudara-sus-operaciones-en-idleb"],"_links":{"self":[{"href":"https:\/\/archive.sana.sy\/es\/index.php?rest_route=\/wp\/v2\/posts\/111802"}],"collection":[{"href":"https:\/\/archive.sana.sy\/es\/index.php?rest_route=\/wp\/v2\/posts"}],"about":[{"href":"https:\/\/archive.sana.sy\/es\/index.php?rest_route=\/wp\/v2\/types\/post"}],"author":[{"embeddable":true,"href":"https:\/\/archive.sana.sy\/es\/index.php?rest_route=\/wp\/v2\/users\/32"}],"replies":[{"embeddable":true,"href":"https:\/\/archive.sana.sy\/es\/index.php?rest_route=%2Fwp%2Fv2%2Fcomments&post=111802"}],"version-history":[{"count":0,"href":"https:\/\/archive.sana.sy\/es\/index.php?rest_route=\/wp\/v2\/posts\/111802\/revisions"}],"wp:featuredmedia":[{"embeddable":true,"href":"https:\/\/archive.sana.sy\/es\/index.php?rest_route=\/wp\/v2\/media\/111837"}],"wp:attachment":[{"href":"https:\/\/archive.sana.sy\/es\/index.php?rest_route=%2Fwp%2Fv2%2Fmedia&parent=111802"}],"wp:term":[{"taxonomy":"category","embeddable":true,"href":"https:\/\/archive.sana.sy\/es\/index.php?rest_route=%2Fwp%2Fv2%2Fcategories&post=111802"},{"taxonomy":"post_tag","embeddable":true,"href":"https:\/\/archive.sana.sy\/es\/index.php?rest_route=%2Fwp%2Fv2%2Ftags&post=111802"}],"curies":[{"name":"wp","href":"https:\/\/api.w.org\/{rel}","templated":true}]}}