{"id":111806,"date":"2019-08-05T18:08:16","date_gmt":"2019-08-05T15:08:16","guid":{"rendered":"https:\/\/sana.sy\/es\/?p=111806"},"modified":"2019-08-06T08:42:49","modified_gmt":"2019-08-06T05:42:49","slug":"las-organizaciones-terroristas-agreden-con-proyectiles-la-base-de-hmeimim","status":"publish","type":"post","link":"https:\/\/archive.sana.sy\/es\/?p=111806","title":{"rendered":"Terroristas atacan con cohetes la base de Hemeimem"},"content":{"rendered":"<p style=\"text-align: justify\"><span style=\"color: #800000\">Latakia, SANA<\/span><\/p>\n<p style=\"text-align: justify\">Una fuente militar dio a conocer que las organizaciones armadas atacaron con cohetes la base a\u00e9rea de Hemeimem en el campo de la provincia de Latakia.<\/p>\n<p style=\"text-align: justify\">\u201cA las 15:30 PM de este lunes, las organizaciones radicales atacaron la base a\u00e9rea de Hememeim con varios cohetes que impactaron en la periferia de la base, causando p\u00e9rdidas humanas y materiales\u201d, inform\u00f3 la fuente.<\/p>\n<p style=\"text-align: justify\">Horas antes, el Comando General del Ej\u00e9rcito y las Fuerzas Armadas hab\u00eda afirmado que las agrupaciones armadas respaldadas por Turqu\u00eda se niegan a implementar el cese el fuego y lanzaron varios ataques contra los civiles en las zonas pobladas circundantes, lo cual llev\u00f3 al ej\u00e9rcito a reanudar sus operativos contra dichas organizaciones.<\/p>\n<p style=\"text-align: justify\"><span style=\"color: #0000ff\">Riad Sh.\/ R. Rashed\/ F. Marouf<\/span><\/p>\n","protected":false},"excerpt":{"rendered":"<p>Latakia, SANA Una fuente militar dio a conocer que las organizaciones armadas atacaron con cohetes la base a\u00e9rea de Hemeimem en el campo de la provincia de Latakia. \u201cA las 15:30 PM de este lunes, las organizaciones radicales atacaron la base a\u00e9rea de Hememeim con varios cohetes que impactaron en la periferia de la base, &hellip;<\/p>\n","protected":false},"author":31,"featured_media":111807,"comment_status":"closed","ping_status":"closed","sticky":false,"template":"","format":"standard","meta":{"footnotes":""},"categories":[597,573,7541],"tags":[16136],"class_list":["post-111806","post","type-post","status-publish","format-standard","has-post-thumbnail","","category-cinta-de-noticias","category-la-realidad-de-los-acontecimientos-en-siria","category-ultimas-noticias","tag-terroristas-atacan-con-cohetes-la-base-de-hemeimem"],"_links":{"self":[{"href":"https:\/\/archive.sana.sy\/es\/index.php?rest_route=\/wp\/v2\/posts\/111806"}],"collection":[{"href":"https:\/\/archive.sana.sy\/es\/index.php?rest_route=\/wp\/v2\/posts"}],"about":[{"href":"https:\/\/archive.sana.sy\/es\/index.php?rest_route=\/wp\/v2\/types\/post"}],"author":[{"embeddable":true,"href":"https:\/\/archive.sana.sy\/es\/index.php?rest_route=\/wp\/v2\/users\/31"}],"replies":[{"embeddable":true,"href":"https:\/\/archive.sana.sy\/es\/index.php?rest_route=%2Fwp%2Fv2%2Fcomments&post=111806"}],"version-history":[{"count":0,"href":"https:\/\/archive.sana.sy\/es\/index.php?rest_route=\/wp\/v2\/posts\/111806\/revisions"}],"wp:featuredmedia":[{"embeddable":true,"href":"https:\/\/archive.sana.sy\/es\/index.php?rest_route=\/wp\/v2\/media\/111807"}],"wp:attachment":[{"href":"https:\/\/archive.sana.sy\/es\/index.php?rest_route=%2Fwp%2Fv2%2Fmedia&parent=111806"}],"wp:term":[{"taxonomy":"category","embeddable":true,"href":"https:\/\/archive.sana.sy\/es\/index.php?rest_route=%2Fwp%2Fv2%2Fcategories&post=111806"},{"taxonomy":"post_tag","embeddable":true,"href":"https:\/\/archive.sana.sy\/es\/index.php?rest_route=%2Fwp%2Fv2%2Ftags&post=111806"}],"curies":[{"name":"wp","href":"https:\/\/api.w.org\/{rel}","templated":true}]}}