{"id":112118,"date":"2019-08-11T08:33:33","date_gmt":"2019-08-11T05:33:33","guid":{"rendered":"https:\/\/sana.sy\/es\/?p=112118"},"modified":"2019-08-20T14:15:24","modified_gmt":"2019-08-20T11:15:24","slug":"presidente-al-assad-efectua-el-rezo-de-eid-al-adha-en-la-mezquita-efram-en-la-capital-damasco","status":"publish","type":"post","link":"https:\/\/archive.sana.sy\/es\/?p=112118","title":{"rendered":"Presidente Al-Assad efect\u00faa el rezo de Eid al-Adha en la mezquita Efram en la capital Damasco"},"content":{"rendered":"<p style=\"text-align: justify;\"><span style=\"color: #800000;\">Damasco, SANA<\/span><\/p>\n<p>El presidente Bashar Al-Assad, efectu\u00f3 el rezo de Eid al-Adha, la fiesta musulmana del sacrificio, en la mezquita Efram, en la capital Damasco.<\/p>\n<p>Junto al presidente, efectuaron el rezo, el primer ministro Imad Khamis, el subsecretario del partido Baath, Hilal Al-Hilal, el Muft\u00ed general de la Rep\u00fablica, Ahmad Bader Eddin Hassoun, y el ministro de asuntos Religiosos, Mohammed Abdul Sattar Al-Sayyed.<\/p>\n<p>Tambi\u00e9n asistieron al rezo, varios parlamentarios y ulemas musulmanes, y una multitud de ciudadanos.<\/p>\n<p>El im\u00e1n del rezo, el sheikh Hassan Awadr, pronunci\u00f3 su serm\u00f3n del Eid, en el que habl\u00f3 de los sublimes significados de esta sagrada fiesta que encarna los valores del sacrificio por la patria y la dignidad de la naci\u00f3n.<\/p>\n<p>\u201cEl Eid nos ense\u00f1a que el amor de la patria es la traducci\u00f3n verdadera de la fe\u201d, agreg\u00f3.<\/p>\n<p>Resalt\u00f3, adem\u00e1s, que la religi\u00f3n llama a la moral, la justicia, la igualdad, el amor y la cooperaci\u00f3n entre la gente, y denunci\u00f3 a aquellos que difamaron la religi\u00f3n con su terrorismo y extremismo.<\/p>\n<p>\u201cEl profeta nos ense\u00f1\u00f3 el lenguaje del di\u00e1logo y la meditaci\u00f3n, y nos llam\u00f3 a trabajar por la paz y la estabilidad y no por la destrucci\u00f3n y el asesinato\u201d, dijo el im\u00e1n del serm\u00f3n.<\/p>\n<p>Al final del serm\u00f3n, el predicador or\u00f3 para que Dios Todopoderoso devuelva la seguridad y la estabilidad a la patria.<\/p>\n<p style=\"text-align: justify;\"><span style=\"color: #0000ff;\">F. Marouf\/ Ammar H.\/ Dr. A. Sh.<\/span><\/p>\n<div id='gallery-1' class='gallery galleryid-112118 gallery-columns-1 gallery-size-full'><figure class='gallery-item'>\n\t\t\t<div class='gallery-icon landscape'>\n\t\t\t\t<a href='https:\/\/archive.sana.sy\/es\/wp-content\/uploads\/2019\/08\/1-168.jpg'><img loading=\"lazy\" decoding=\"async\" width=\"1280\" height=\"760\" src=\"https:\/\/archive.sana.sy\/es\/wp-content\/uploads\/2019\/08\/1-168.jpg\" class=\"attachment-full size-full\" alt=\"\" srcset=\"https:\/\/archive.sana.sy\/es\/wp-content\/uploads\/2019\/08\/1-168.jpg 1280w, https:\/\/archive.sana.sy\/es\/wp-content\/uploads\/2019\/08\/1-168-150x89.jpg 150w, https:\/\/archive.sana.sy\/es\/wp-content\/uploads\/2019\/08\/1-168-300x178.jpg 300w, https:\/\/archive.sana.sy\/es\/wp-content\/uploads\/2019\/08\/1-168-768x456.jpg 768w, https:\/\/archive.sana.sy\/es\/wp-content\/uploads\/2019\/08\/1-168-1024x608.jpg 1024w\" sizes=\"(max-width: 1280px) 100vw, 1280px\" \/><\/a>\n\t\t\t<\/div><\/figure><figure class='gallery-item'>\n\t\t\t<div class='gallery-icon landscape'>\n\t\t\t\t<a href='https:\/\/archive.sana.sy\/es\/wp-content\/uploads\/2019\/08\/2-126.jpg'><img loading=\"lazy\" decoding=\"async\" width=\"1280\" height=\"980\" src=\"https:\/\/archive.sana.sy\/es\/wp-content\/uploads\/2019\/08\/2-126.jpg\" class=\"attachment-full size-full\" alt=\"\" srcset=\"https:\/\/archive.sana.sy\/es\/wp-content\/uploads\/2019\/08\/2-126.jpg 1280w, https:\/\/archive.sana.sy\/es\/wp-content\/uploads\/2019\/08\/2-126-150x115.jpg 150w, https:\/\/archive.sana.sy\/es\/wp-content\/uploads\/2019\/08\/2-126-300x230.jpg 300w, https:\/\/archive.sana.sy\/es\/wp-content\/uploads\/2019\/08\/2-126-768x588.jpg 768w, https:\/\/archive.sana.sy\/es\/wp-content\/uploads\/2019\/08\/2-126-1024x784.jpg 1024w\" sizes=\"(max-width: 1280px) 100vw, 1280px\" \/><\/a>\n\t\t\t<\/div><\/figure><figure class='gallery-item'>\n\t\t\t<div class='gallery-icon landscape'>\n\t\t\t\t<a href='https:\/\/archive.sana.sy\/es\/wp-content\/uploads\/2019\/08\/3-102.jpg'><img loading=\"lazy\" decoding=\"async\" width=\"1280\" height=\"803\" src=\"https:\/\/archive.sana.sy\/es\/wp-content\/uploads\/2019\/08\/3-102.jpg\" class=\"attachment-full size-full\" alt=\"\" srcset=\"https:\/\/archive.sana.sy\/es\/wp-content\/uploads\/2019\/08\/3-102.jpg 1280w, https:\/\/archive.sana.sy\/es\/wp-content\/uploads\/2019\/08\/3-102-150x94.jpg 150w, https:\/\/archive.sana.sy\/es\/wp-content\/uploads\/2019\/08\/3-102-300x188.jpg 300w, https:\/\/archive.sana.sy\/es\/wp-content\/uploads\/2019\/08\/3-102-768x482.jpg 768w, https:\/\/archive.sana.sy\/es\/wp-content\/uploads\/2019\/08\/3-102-1024x642.jpg 1024w\" sizes=\"(max-width: 1280px) 100vw, 1280px\" \/><\/a>\n\t\t\t<\/div><\/figure><figure class='gallery-item'>\n\t\t\t<div class='gallery-icon landscape'>\n\t\t\t\t<a href='https:\/\/archive.sana.sy\/es\/wp-content\/uploads\/2019\/08\/dsds.jpg'><img loading=\"lazy\" decoding=\"async\" width=\"660\" height=\"370\" src=\"https:\/\/archive.sana.sy\/es\/wp-content\/uploads\/2019\/08\/dsds.jpg\" class=\"attachment-full size-full\" alt=\"\" srcset=\"https:\/\/archive.sana.sy\/es\/wp-content\/uploads\/2019\/08\/dsds.jpg 660w, https:\/\/archive.sana.sy\/es\/wp-content\/uploads\/2019\/08\/dsds-150x84.jpg 150w, https:\/\/archive.sana.sy\/es\/wp-content\/uploads\/2019\/08\/dsds-300x168.jpg 300w\" sizes=\"(max-width: 660px) 100vw, 660px\" \/><\/a>\n\t\t\t<\/div><\/figure>\n\t\t<\/div>\n\n","protected":false},"excerpt":{"rendered":"<p>Damasco, SANA El presidente Bashar Al-Assad, efectu\u00f3 el rezo de Eid al-Adha, la fiesta musulmana del sacrificio, en la mezquita Efram, en la capital Damasco. Junto al presidente, efectuaron el rezo, el primer ministro Imad Khamis, el subsecretario del partido Baath, Hilal Al-Hilal, el Muft\u00ed general de la Rep\u00fablica, Ahmad Bader Eddin Hassoun, y el &hellip;<\/p>\n","protected":false},"author":30,"featured_media":112131,"comment_status":"closed","ping_status":"closed","sticky":false,"template":"","format":"standard","meta":{"footnotes":""},"categories":[16237,571,583,626],"tags":[16173],"class_list":["post-112118","post","type-post","status-publish","format-standard","has-post-thumbnail","","category-presidence-de-la-republique-arabe-syria","category-siria-en-fotos","category-slide","category-sr-presidente","tag-presidente-al-assad-efectua-el-rezo-de-eid-al-adha-en-la-mezquita-efram-en-la-capital-damasco"],"_links":{"self":[{"href":"https:\/\/archive.sana.sy\/es\/index.php?rest_route=\/wp\/v2\/posts\/112118"}],"collection":[{"href":"https:\/\/archive.sana.sy\/es\/index.php?rest_route=\/wp\/v2\/posts"}],"about":[{"href":"https:\/\/archive.sana.sy\/es\/index.php?rest_route=\/wp\/v2\/types\/post"}],"author":[{"embeddable":true,"href":"https:\/\/archive.sana.sy\/es\/index.php?rest_route=\/wp\/v2\/users\/30"}],"replies":[{"embeddable":true,"href":"https:\/\/archive.sana.sy\/es\/index.php?rest_route=%2Fwp%2Fv2%2Fcomments&post=112118"}],"version-history":[{"count":0,"href":"https:\/\/archive.sana.sy\/es\/index.php?rest_route=\/wp\/v2\/posts\/112118\/revisions"}],"wp:featuredmedia":[{"embeddable":true,"href":"https:\/\/archive.sana.sy\/es\/index.php?rest_route=\/wp\/v2\/media\/112131"}],"wp:attachment":[{"href":"https:\/\/archive.sana.sy\/es\/index.php?rest_route=%2Fwp%2Fv2%2Fmedia&parent=112118"}],"wp:term":[{"taxonomy":"category","embeddable":true,"href":"https:\/\/archive.sana.sy\/es\/index.php?rest_route=%2Fwp%2Fv2%2Fcategories&post=112118"},{"taxonomy":"post_tag","embeddable":true,"href":"https:\/\/archive.sana.sy\/es\/index.php?rest_route=%2Fwp%2Fv2%2Ftags&post=112118"}],"curies":[{"name":"wp","href":"https:\/\/api.w.org\/{rel}","templated":true}]}}