{"id":112127,"date":"2019-08-11T08:39:46","date_gmt":"2019-08-11T05:39:46","guid":{"rendered":"https:\/\/sana.sy\/es\/?p=112127"},"modified":"2019-08-11T08:39:46","modified_gmt":"2019-08-11T05:39:46","slug":"titulares-nacionales-e-internacionales-de-la-prensa-siria-17","status":"publish","type":"post","link":"https:\/\/archive.sana.sy\/es\/?p=112127","title":{"rendered":"Titulares nacionales e internacionales de la prensa siria"},"content":{"rendered":"<p style=\"text-align: justify\"><span style=\"color: #800000\">Damasco, SANA<\/span><\/p>\n<p style=\"text-align: justify\">Los principales diarios y medios de comunicaci\u00f3n sirios destacaron los siguientes titulares del \u00e1mbito nacional e internacional:<\/p>\n<p style=\"text-align: justify\">&#8211; Al-Assad efect\u00faa el rezo de Eid al-Adha en la mezquita Efram en la capital Damasco.<\/p>\n<p style=\"text-align: justify\">&#8211; Presidente al-Assad recibi\u00f3 telegramas de felicitaci\u00f3n por la Bendita Fiesta del Sacrificio.<\/p>\n<p style=\"text-align: justify\">&#8211; Provenientes de Jordania a trav\u00e9s del cruce fronterizo de Nassib-Jaber, un nuevo grupo de refugiados retorn\u00f3 a sus localidades liberadas del terrorismo a manos del ej\u00e9rcito sirio.<\/p>\n<p style=\"text-align: justify\">&#8211; La milicia FDS es una herramienta para implementar los planes de Washington.<\/p>\n<p style=\"text-align: justify\">&#8211; La milicia (FDS) contin\u00faa sus pr\u00e1cticas represivas contra la poblaci\u00f3n en la regi\u00f3n de al-Jazeera (este del \u00c9ufrates).<\/p>\n<p style=\"text-align: justify\">&#8211; Un ciudadano herido en la explosi\u00f3n de una mina terrestre en Madaya al noroeste de Damasco.<\/p>\n<p style=\"text-align: justify\">&#8211; Portal checo: Siria es la cuna de la civilizaci\u00f3n.<\/p>\n<p style=\"text-align: justify\">&#8211; El nadador sirio Maala gana la medalla de plata en Masters de tres km de distancia en Corea del Sur<\/p>\n<p style=\"text-align: justify\">&#8211; Siria conquista dos medallas de bronce en la Olimpiada Mundial de Inform\u00e1tica en Azerbaiy\u00e1n.<\/p>\n<p style=\"text-align: justify\">&#8211; Amplia participaci\u00f3n de las empresas iraqu\u00edes en la Feria Internacional de Damasco.<\/p>\n<p style=\"text-align: justify\">&#8211; Ministro de Awqaf: Eid al-Adha es un s\u00edmbolo del sacrificio, la firmeza, la paciencia y fe.<\/p>\n<p style=\"text-align: justify\">&#8211; Marchas en Venezuela contra el injusto bloqueo estadounidense.<\/p>\n<p style=\"text-align: justify\">&#8211; Restablecen servicio el\u00e9ctrico en la liberada ciudad de Quneitra.<\/p>\n<p style=\"text-align: justify\">&#8211; Guterres condena el atentado terrorista en Benghazi.<\/p>\n<p style=\"text-align: justify\">&#8211; Varios mercenarios sauditas caen entre muertos o heridos en una operaci\u00f3n del ej\u00e9rcito yemen\u00ed.<\/p>\n<p style=\"text-align: justify\">&#8211; Jamenei: El llamado &#8220;acuerdo del siglo&#8221; est\u00e1 condenado al fracaso.<\/p>\n<p style=\"text-align: justify\">&#8211; Se suicida el amigo de Trump, el multimillonario Jeffrey Epstein.<\/p>\n<p style=\"text-align: justify\">&#8211; Tregua en Libia durante Eid al-Adha.<\/p>\n<p style=\"text-align: justify\">&#8211; Muere un soldado estadounidense en Irak.<\/p>\n<p style=\"text-align: justify\">&#8211; Zarif: las acciones de Estados Unidos provienen del fracaso en la arena diplom\u00e1tica.<\/p>\n<p style=\"text-align: justify\">&#8211; Eruditos musulmanes en el L\u00edbano aseguran que la resistencia es la v\u00eda para liberar la tierra.<\/p>\n<p style=\"text-align: justify\">&#8211; Mueren dos empleados de la ONU en un atentado con coche bomba en Benghazi.<\/p>\n<p style=\"text-align: justify\">&#8211; Trump ataca a Hollywood y la tacha de &#8216;racista&#8217;.<\/p>\n<p><span style=\"color: #0000ff\">F. Marouf\/ Ammar H.<\/span><\/p>\n","protected":false},"excerpt":{"rendered":"<p>Damasco, SANA Los principales diarios y medios de comunicaci\u00f3n sirios destacaron los siguientes titulares del \u00e1mbito nacional e internacional: &#8211; Al-Assad efect\u00faa el rezo de Eid al-Adha en la mezquita Efram en la capital Damasco. &#8211; Presidente al-Assad recibi\u00f3 telegramas de felicitaci\u00f3n por la Bendita Fiesta del Sacrificio. &#8211; Provenientes de Jordania a trav\u00e9s del &hellip;<\/p>\n","protected":false},"author":30,"featured_media":107495,"comment_status":"closed","ping_status":"closed","sticky":false,"template":"","format":"standard","meta":{"footnotes":""},"categories":[555,597,7541],"tags":[14167],"class_list":["post-112127","post","type-post","status-publish","format-standard","has-post-thumbnail","","category-prensa","category-cinta-de-noticias","category-ultimas-noticias","tag-titulares-nacionales-e-internacionales-de-la-prensa-siria"],"_links":{"self":[{"href":"https:\/\/archive.sana.sy\/es\/index.php?rest_route=\/wp\/v2\/posts\/112127"}],"collection":[{"href":"https:\/\/archive.sana.sy\/es\/index.php?rest_route=\/wp\/v2\/posts"}],"about":[{"href":"https:\/\/archive.sana.sy\/es\/index.php?rest_route=\/wp\/v2\/types\/post"}],"author":[{"embeddable":true,"href":"https:\/\/archive.sana.sy\/es\/index.php?rest_route=\/wp\/v2\/users\/30"}],"replies":[{"embeddable":true,"href":"https:\/\/archive.sana.sy\/es\/index.php?rest_route=%2Fwp%2Fv2%2Fcomments&post=112127"}],"version-history":[{"count":0,"href":"https:\/\/archive.sana.sy\/es\/index.php?rest_route=\/wp\/v2\/posts\/112127\/revisions"}],"wp:featuredmedia":[{"embeddable":true,"href":"https:\/\/archive.sana.sy\/es\/index.php?rest_route=\/wp\/v2\/media\/107495"}],"wp:attachment":[{"href":"https:\/\/archive.sana.sy\/es\/index.php?rest_route=%2Fwp%2Fv2%2Fmedia&parent=112127"}],"wp:term":[{"taxonomy":"category","embeddable":true,"href":"https:\/\/archive.sana.sy\/es\/index.php?rest_route=%2Fwp%2Fv2%2Fcategories&post=112127"},{"taxonomy":"post_tag","embeddable":true,"href":"https:\/\/archive.sana.sy\/es\/index.php?rest_route=%2Fwp%2Fv2%2Ftags&post=112127"}],"curies":[{"name":"wp","href":"https:\/\/api.w.org\/{rel}","templated":true}]}}