{"id":112129,"date":"2019-08-11T08:49:52","date_gmt":"2019-08-11T05:49:52","guid":{"rendered":"https:\/\/sana.sy\/es\/?p=112129"},"modified":"2019-08-11T08:49:52","modified_gmt":"2019-08-11T05:49:52","slug":"boletin-semanal-de-las-noticias-mas-relevantes-sobre-la-recuperacion-de-siria-del-terrorismo","status":"publish","type":"post","link":"https:\/\/archive.sana.sy\/es\/?p=112129","title":{"rendered":"Bolet\u00edn semanal de las noticias m\u00e1s relevantes sobre la recuperaci\u00f3n de Siria del terrorismo"},"content":{"rendered":"<p style=\"text-align: justify\"><span style=\"color: #800000\">Damasco, SANA<\/span><\/p>\n<p style=\"text-align: justify\">La semana reci\u00e9n concluida presenci\u00f3 importantes pasos hacia la recuperaci\u00f3n de Siria de la guerra impuesta.<\/p>\n<p style=\"text-align: justify\">A continuaci\u00f3n, les ofrecemos un resumen de las noticias m\u00e1s importantes al respecto:<\/p>\n<p style=\"text-align: justify\"><span style=\"color: #0000ff\">Gabinete adopta recomendaciones de la Primera Conferencia Nacional sobre Vivienda<\/span><\/p>\n<p style=\"text-align: justify\">En su sesi\u00f3n semanal presidida por el Primer Ministro, Emad Khamis, el Consejo de Ministros adopt\u00f3 las recomendaciones de la Primera Conferencia Nacional de Vivienda.<\/p>\n<p style=\"text-align: justify\">La Conferencia de Vivienda concluy\u00f3 recientemente con la adopci\u00f3n de varias recomendaciones relativas a la preparaci\u00f3n de terrenos para la construcci\u00f3n, los m\u00e9todos de financiaci\u00f3n, los marcos institucionales, las legislaciones que rigen el trabajo en vivienda, el papel del sector privado y la planificaci\u00f3n regional.<\/p>\n<p style=\"text-align: justify\">En este sentido, el Consejo form\u00f3 un comit\u00e9 gubernamental encabezado por el ministro de Obras P\u00fablicas y Vivienda para dar seguimiento a la implementaci\u00f3n de la estrategia de vivienda y traducir sus objetivos en pasos pr\u00e1cticos para mejorar el sector de la vivienda de acuerdo al cronograma aprobado.<\/p>\n<p style=\"text-align: justify\">Por otro lado, el Gabinete complet\u00f3 su estudio al borrador final de la nueva ley de inversiones despu\u00e9s de tener en cuenta todas las observaciones formuladas.<\/p>\n<p style=\"text-align: justify\">Tambi\u00e9n, estudio el proyecto de decreto de crear la Empresa Siria de Panader\u00edas con el objetivo de controlar todo lo relacionado con el pan por ser uno de los pilares m\u00e1s importantes de la seguridad alimentaria.<\/p>\n<p style=\"text-align: justify\">Por \u00faltimo, el Consejo adopt\u00f3 el mecanismo ejecutivo del proyecto de pago electr\u00f3nico considerado uno de los componentes b\u00e1sicos del sistema de gobierno electr\u00f3nico.<\/p>\n<p style=\"text-align: justify\"><span style=\"color: #0000ff\">30 pa\u00edses participan en la pr\u00f3xima edici\u00f3n de la Feria Internacional de Damasco<\/span><\/p>\n<p style=\"text-align: justify\">Unos 30 pa\u00edses confirmaron hasta la fecha su participaci\u00f3n en la 61\u00aa edici\u00f3n de la Feria Internacional de Damasco.<\/p>\n<p style=\"text-align: justify\">Las \u00e1reas reservadas en el recinto ferial de Expo-Damasco superaron los 95 mil metros cuadrados, la cifra m\u00e1s alta desde el inicio de la feria en el a\u00f1o 1958.<\/p>\n<p style=\"text-align: justify\">El director del Empresa de Ferias y Mercados Internacionales, Ghassan Fakyani, declar\u00f3 que est\u00e1 edici\u00f3n se celebrar\u00e1 bajo el lema &#8220;desde Siria para el mundo\u201d, y cuenta con una amplia participaci\u00f3n internacional, lo que demuestra la recuperaci\u00f3n de Siria econ\u00f3mica y comercialmente.<\/p>\n<p style=\"text-align: justify\">Por otro lado, los equipos especializados siguen trabajando para poner los retoques finales de los pabellones y de la infraestructura de Expo-damasco que tiene una superficie de un mill\u00f3n 200 mil metros cuadrados.<\/p>\n<p style=\"text-align: justify\"><span style=\"color: #0000ff\">Inician obras de construcci\u00f3n de una central el\u00e9ctrica en Latakia<\/span><\/p>\n<p style=\"text-align: justify\">El ministro de Energ\u00eda El\u00e9ctrica, Mohamad Zuheir Kharbutli, anunci\u00f3 el lanzamiento de las obras de construcci\u00f3n de la infraestructura del proyecto de la central de generaci\u00f3n el\u00e9ctrica de al-Rastin, en el campo de la provincia costera de Latakia.<\/p>\n<p style=\"text-align: justify\">Las obras tienen como objetivo preparar el sitio donde se instalar\u00e1 la referida planta con el fin de entregarlo a la compa\u00f1\u00eda iran\u00ed \u201cMbna Group\u201d que se encargar\u00e1 de la implementaci\u00f3n y equipamiento del proyecto.<\/p>\n<p style=\"text-align: justify\">La capacidad de la planta llegar\u00e1 a 540 megavatios y tendr\u00e1 un costo de 213 mil millones de libras sirias (equivalente a 500 millones de USD).<\/p>\n<p style=\"text-align: justify\"><span style=\"color: #0000ff\">Decenas de residentes de Rukban llegan a la provincia de Homs<\/span><\/p>\n<p style=\"text-align: justify\">Las autoridades competentes recibieron en el cruce de Jeleiguem, situado en el campo este de Homs, a decenas de familias procedentes del campamento Rukban.<\/p>\n<p style=\"text-align: justify\">Los equipos de la Media Luna Roja Siria prestaron la atenci\u00f3n necesaria a los allegados quienes fueron sometidos por a\u00f1os al terrorismo tanto de los grupos armados como de las tropas ocupantes de EEUU.<\/p>\n<p style=\"text-align: justify\">A continuaci\u00f3n, las familias de Rukban fueron trasladadas a centros de acogida temporal en la provincia de Homs, antes de llevarles a sus hogares liberados del terrorismo.<\/p>\n<p style=\"text-align: justify\"><span style=\"color: #0000ff\">M\u00e1s refugiados retornan a trav\u00e9s del cruce fronterizo de Nassib con Jordania<\/span><\/p>\n<p style=\"text-align: justify\">Provenientes de Jordania a trav\u00e9s del cruce fronterizo de Nassib-Jaber, un nuevo grupo de refugiados retorn\u00f3 a sus localidades, ciudades y pueblos liberados del terrorismo a manos del ej\u00e9rcito sirio.<\/p>\n<p style=\"text-align: justify\">Seg\u00fan report\u00f3 el corresponsal de SANA, un nuevo grupo de familias refugiadas volvieron del campamento de refugiados al-Azraq en las tierras jordanas en el cruce fronterizo de Nassib, donde completaron los procedimientos de ingreso y se les proporcion\u00f3 servicios b\u00e1sicos como alimentos, bebidas y medicamentos.<\/p>\n<p style=\"text-align: justify\">Asimismo, las autoridades asignaron autobuses para transportar los retornados a sus \u00e1reas liberadas.<\/p>\n<p style=\"text-align: justify\">Varios retornados agradecieron al ej\u00e9rcito que les garantiz\u00f3 un su retorno seguro, y expresaron su alegr\u00eda al librarlos del sufrimiento que les hab\u00eda robado a\u00f1os de edad y el futuro de sus hijos.<\/p>\n<p style=\"text-align: justify\">El cruce fronterizo de Nassib-Jaber presencia un intenso movimiento de retornados desde los campamentos en Jordania a sus ciudades y pueblos liberados por el ej\u00e9rcito en varias provincias sirias, en paralelo con las facilitaciones gubernamentales que se les proporcionan.<\/p>\n<p style=\"text-align: justify\"><span style=\"color: #0000ff\">El nadador sirio Maala gana la medalla de plata en Masters de tres km de distancia en Corea del Sur<\/span><\/p>\n<p style=\"text-align: justify\">El nadador sirio Firas Maala gan\u00f3 la medalla de plata en el campeonato internacional de Masters, en la distancia de 3 km, que se desarrolla en Corea del Sur.<\/p>\n<p style=\"text-align: justify\">Maala obtuvo la medalla de plata con 37.04.3 minutos, teniendo en cuenta que el tiempo del nadador que gan\u00f3 la medalla de oro fue de 36.24.7 minutos.<\/p>\n<p style=\"text-align: justify\">El nadador Maala tuvo un r\u00e9cord de logros en torneos internacionales.<\/p>\n<p style=\"text-align: justify\"><span style=\"color: #0000ff\">Siria conquista dos medallas de bronce en la Olimpiada Mundial de Inform\u00e1tica en Azerbaiy\u00e1n<\/span><\/p>\n<p style=\"text-align: justify\">El equipo sirio de inform\u00e1tica logr\u00f3 ganar dos medallas de bronce en la Olimpiada Mundial de Inform\u00e1tica concluida hoy en Azerbaiy\u00e1n con la participaci\u00f3n de 87 pa\u00edses.<\/p>\n<p style=\"text-align: justify\">Las medallas fueron ganadas por Ahmed Mohammed Munther Haider, un estudiante de Secundaria en Damasco, y Mohammed Nour al-Masri, un estudiante de Secundaria en Alepo, seg\u00fan una declaraci\u00f3n de la Comisi\u00f3n siria de Excelencia y Creatividad.<\/p>\n<p style=\"text-align: justify\">Seg\u00fan explic\u00f3 la Comisi\u00f3n, con este logro Siria avanz\u00f3 en el ranking general de los pa\u00edses participantes clasific\u00e1ndose en el puesto 41 de entre 87 pa\u00edses.<\/p>\n<p style=\"text-align: justify\">Agreg\u00f3 que Siria tuvo un rendimiento superior en la clasificaci\u00f3n general de este torneo sobre los principales pa\u00edses, incluidos Gran Breta\u00f1a, Espa\u00f1a, Austria, Suiza y Dinamarca y todos los pa\u00edses \u00e1rabes que participan en la olimpiada.<\/p>\n<p style=\"text-align: justify\"><span style=\"color: #0000ff\">F. Marouf\/ Ammar H.<\/span><\/p>\n","protected":false},"excerpt":{"rendered":"<p>Damasco, SANA La semana reci\u00e9n concluida presenci\u00f3 importantes pasos hacia la recuperaci\u00f3n de Siria de la guerra impuesta. A continuaci\u00f3n, les ofrecemos un resumen de las noticias m\u00e1s importantes al respecto: Gabinete adopta recomendaciones de la Primera Conferencia Nacional sobre Vivienda En su sesi\u00f3n semanal presidida por el Primer Ministro, Emad Khamis, el Consejo de &hellip;<\/p>\n","protected":false},"author":30,"featured_media":95273,"comment_status":"closed","ping_status":"closed","sticky":false,"template":"","format":"standard","meta":{"footnotes":""},"categories":[597,476,7541],"tags":[16176],"class_list":["post-112129","post","type-post","status-publish","format-standard","has-post-thumbnail","","category-cinta-de-noticias","category-locales","category-ultimas-noticias","tag-boletin-semanal-de-las-noticias-mas-relevantes-sobre-la-recuperacion-de-siria-del-terrorismo"],"_links":{"self":[{"href":"https:\/\/archive.sana.sy\/es\/index.php?rest_route=\/wp\/v2\/posts\/112129"}],"collection":[{"href":"https:\/\/archive.sana.sy\/es\/index.php?rest_route=\/wp\/v2\/posts"}],"about":[{"href":"https:\/\/archive.sana.sy\/es\/index.php?rest_route=\/wp\/v2\/types\/post"}],"author":[{"embeddable":true,"href":"https:\/\/archive.sana.sy\/es\/index.php?rest_route=\/wp\/v2\/users\/30"}],"replies":[{"embeddable":true,"href":"https:\/\/archive.sana.sy\/es\/index.php?rest_route=%2Fwp%2Fv2%2Fcomments&post=112129"}],"version-history":[{"count":0,"href":"https:\/\/archive.sana.sy\/es\/index.php?rest_route=\/wp\/v2\/posts\/112129\/revisions"}],"wp:featuredmedia":[{"embeddable":true,"href":"https:\/\/archive.sana.sy\/es\/index.php?rest_route=\/wp\/v2\/media\/95273"}],"wp:attachment":[{"href":"https:\/\/archive.sana.sy\/es\/index.php?rest_route=%2Fwp%2Fv2%2Fmedia&parent=112129"}],"wp:term":[{"taxonomy":"category","embeddable":true,"href":"https:\/\/archive.sana.sy\/es\/index.php?rest_route=%2Fwp%2Fv2%2Fcategories&post=112129"},{"taxonomy":"post_tag","embeddable":true,"href":"https:\/\/archive.sana.sy\/es\/index.php?rest_route=%2Fwp%2Fv2%2Ftags&post=112129"}],"curies":[{"name":"wp","href":"https:\/\/api.w.org\/{rel}","templated":true}]}}