{"id":112165,"date":"2019-08-11T21:42:26","date_gmt":"2019-08-11T18:42:26","guid":{"rendered":"https:\/\/sana.sy\/es\/?p=112165"},"modified":"2019-08-12T10:49:41","modified_gmt":"2019-08-12T07:49:41","slug":"ministro-de-defensa-visita-la-localidad-de-al-habit-en-el-campo-sureno-de-idleb","status":"publish","type":"post","link":"https:\/\/archive.sana.sy\/es\/?p=112165","title":{"rendered":"Ministro de Defensa recorre reci\u00e9n liberada localidad de Habit en el campo sure\u00f1o de Idleb"},"content":{"rendered":"<p><span style=\"color: #800000;\">Idleb, SANA<\/span><\/p>\n<p style=\"text-align: justify;\">Cumpliendo las indicaciones del presidente Bashar al-Assad, el ministro de Defensa, el teniente general Ali Abdallah Ayoub, visit\u00f3 con motivo de Eid al Adha (Fiesta del Sacrificio) la localidad de Habit en el campo sure\u00f1o de Idleb, liberada en las recientes horas del terrorismo.<\/p>\n<p style=\"text-align: justify;\">El titular de Defensa se reuni\u00f3 con los soldados del Ej\u00e9rcito quienes expulsaron a los terroristas de Habit y les felicit\u00f3 por la celebraci\u00f3n de Eid y por las victorias logradas contra las organizaciones terroristas.<\/p>\n<p style=\"text-align: justify;\">El general Ayoub escuch\u00f3 una explicaci\u00f3n detallada sobre la marcha de la batalla de Habit, y a continuaci\u00f3n inspeccion\u00f3 la localidad convertida por los terroristas en una red de t\u00faneles y fortificaciones.<\/p>\n<p style=\"text-align: justify;\">Asimismo, el general Ayoub visit\u00f3 a los heridos del Ej\u00e9rcito en el hospital del m\u00e1rtir Abdel Qader Shakfa en Homs, donde ensalz\u00f3 la moral alta de los soldados h\u00e9roes y les dese\u00f3 una recuperaci\u00f3n r\u00e1pida.<\/p>\n<p><span style=\"color: #0000ff;\">Lynn A.\/ F. Marouf\/ R. R.\u00a0\u00a0<\/span><\/p>\n","protected":false},"excerpt":{"rendered":"<p>Idleb, SANA Cumpliendo las indicaciones del presidente Bashar al-Assad, el ministro de Defensa, el teniente general Ali Abdallah Ayoub, visit\u00f3 con motivo de Eid al Adha (Fiesta del Sacrificio) la localidad de Habit en el campo sure\u00f1o de Idleb, liberada en las recientes horas del terrorismo. El titular de Defensa se reuni\u00f3 con los soldados &hellip;<\/p>\n","protected":false},"author":31,"featured_media":112166,"comment_status":"closed","ping_status":"closed","sticky":false,"template":"","format":"standard","meta":{"footnotes":""},"categories":[597,476,583],"tags":[16179],"class_list":["post-112165","post","type-post","status-publish","format-standard","has-post-thumbnail","","category-cinta-de-noticias","category-locales","category-slide","tag-ministro-de-defensa-visita-la-localidad-de-al-habit-en-el-campo-sureno-de-idleb"],"_links":{"self":[{"href":"https:\/\/archive.sana.sy\/es\/index.php?rest_route=\/wp\/v2\/posts\/112165"}],"collection":[{"href":"https:\/\/archive.sana.sy\/es\/index.php?rest_route=\/wp\/v2\/posts"}],"about":[{"href":"https:\/\/archive.sana.sy\/es\/index.php?rest_route=\/wp\/v2\/types\/post"}],"author":[{"embeddable":true,"href":"https:\/\/archive.sana.sy\/es\/index.php?rest_route=\/wp\/v2\/users\/31"}],"replies":[{"embeddable":true,"href":"https:\/\/archive.sana.sy\/es\/index.php?rest_route=%2Fwp%2Fv2%2Fcomments&post=112165"}],"version-history":[{"count":0,"href":"https:\/\/archive.sana.sy\/es\/index.php?rest_route=\/wp\/v2\/posts\/112165\/revisions"}],"wp:featuredmedia":[{"embeddable":true,"href":"https:\/\/archive.sana.sy\/es\/index.php?rest_route=\/wp\/v2\/media\/112166"}],"wp:attachment":[{"href":"https:\/\/archive.sana.sy\/es\/index.php?rest_route=%2Fwp%2Fv2%2Fmedia&parent=112165"}],"wp:term":[{"taxonomy":"category","embeddable":true,"href":"https:\/\/archive.sana.sy\/es\/index.php?rest_route=%2Fwp%2Fv2%2Fcategories&post=112165"},{"taxonomy":"post_tag","embeddable":true,"href":"https:\/\/archive.sana.sy\/es\/index.php?rest_route=%2Fwp%2Fv2%2Ftags&post=112165"}],"curies":[{"name":"wp","href":"https:\/\/api.w.org\/{rel}","templated":true}]}}