{"id":112342,"date":"2019-08-14T14:35:47","date_gmt":"2019-08-14T11:35:47","guid":{"rendered":"https:\/\/sana.sy\/es\/?p=112342"},"modified":"2019-08-14T14:35:47","modified_gmt":"2019-08-14T11:35:47","slug":"mueren-dos-ninos-en-la-explosion-de-mina-plantada-por-terroristas-en-homs","status":"publish","type":"post","link":"https:\/\/archive.sana.sy\/es\/?p=112342","title":{"rendered":"Mueren dos ni\u00f1os en la explosi\u00f3n de mina plantada por terroristas en Homs"},"content":{"rendered":"<p class=\"m_2324322807396826276ydp2bcbffe4yiv7587148528msonormal\" style=\"text-align: justify;\"><span style=\"color: #800000;\">Homs, SANA<\/span><\/p>\n<p class=\"m_2324322807396826276ydp2bcbffe4yiv7587148528msonormal\" style=\"text-align: justify;\">Dos ni\u00f1os perdieron la vida y otros 3 resultaron heridos a consecuencia del estallido de una mina remanente de las organizaciones terroristas en la localidad de Hosh Hijou, en el campo norte de la provincia de Homs.<\/p>\n<p class=\"m_2324322807396826276ydp2bcbffe4yiv7587148528msonormal\" style=\"text-align: justify;\">\u201cUna mina plantada por terroristas explot\u00f3 y mat\u00f3 a dos ni\u00f1os e hiri\u00f3 a otros tres, algunos se encuentran en estado de gravedad\u201d, inform\u00f3 el corresponsal de SANA.<\/p>\n<p class=\"m_2324322807396826276ydp2bcbffe4yiv7587148528msonormal\" style=\"text-align: justify;\">Agreg\u00f3 que los heridos fueron trasladados e ingresados en el hospital Al-Basel.<\/p>\n<p class=\"m_2324322807396826276ydp2bcbffe4yiv7587148528msonormal\" style=\"text-align: justify;\">Los radicales proceden a sembrar minas en las calles y las viviendas antes de su retirada de cualquier zona que ocupan, con el fin de obstaculizar el avance del ej\u00e9rcito y atrasar el retoro de los civiles desplazados a sus hogares despu\u00e9s de la liberaci\u00f3n<\/p>\n<p style=\"text-align: justify;\"><span style=\"color: #0000ff;\">F. Marouf\/ E. Dubian<\/span><\/p>\n","protected":false},"excerpt":{"rendered":"<p>Homs, SANA Dos ni\u00f1os perdieron la vida y otros 3 resultaron heridos a consecuencia del estallido de una mina remanente de las organizaciones terroristas en la localidad de Hosh Hijou, en el campo norte de la provincia de Homs. \u201cUna mina plantada por terroristas explot\u00f3 y mat\u00f3 a dos ni\u00f1os e hiri\u00f3 a otros tres, &hellip;<\/p>\n","protected":false},"author":32,"featured_media":112343,"comment_status":"closed","ping_status":"closed","sticky":false,"template":"","format":"standard","meta":{"footnotes":""},"categories":[597,573,7541],"tags":[16189],"class_list":["post-112342","post","type-post","status-publish","format-standard","has-post-thumbnail","","category-cinta-de-noticias","category-la-realidad-de-los-acontecimientos-en-siria","category-ultimas-noticias","tag-mueren-dos-ninos-en-la-explosion-de-mina-plantada-por-terroristas-en-homs"],"_links":{"self":[{"href":"https:\/\/archive.sana.sy\/es\/index.php?rest_route=\/wp\/v2\/posts\/112342"}],"collection":[{"href":"https:\/\/archive.sana.sy\/es\/index.php?rest_route=\/wp\/v2\/posts"}],"about":[{"href":"https:\/\/archive.sana.sy\/es\/index.php?rest_route=\/wp\/v2\/types\/post"}],"author":[{"embeddable":true,"href":"https:\/\/archive.sana.sy\/es\/index.php?rest_route=\/wp\/v2\/users\/32"}],"replies":[{"embeddable":true,"href":"https:\/\/archive.sana.sy\/es\/index.php?rest_route=%2Fwp%2Fv2%2Fcomments&post=112342"}],"version-history":[{"count":0,"href":"https:\/\/archive.sana.sy\/es\/index.php?rest_route=\/wp\/v2\/posts\/112342\/revisions"}],"wp:featuredmedia":[{"embeddable":true,"href":"https:\/\/archive.sana.sy\/es\/index.php?rest_route=\/wp\/v2\/media\/112343"}],"wp:attachment":[{"href":"https:\/\/archive.sana.sy\/es\/index.php?rest_route=%2Fwp%2Fv2%2Fmedia&parent=112342"}],"wp:term":[{"taxonomy":"category","embeddable":true,"href":"https:\/\/archive.sana.sy\/es\/index.php?rest_route=%2Fwp%2Fv2%2Fcategories&post=112342"},{"taxonomy":"post_tag","embeddable":true,"href":"https:\/\/archive.sana.sy\/es\/index.php?rest_route=%2Fwp%2Fv2%2Ftags&post=112342"}],"curies":[{"name":"wp","href":"https:\/\/api.w.org\/{rel}","templated":true}]}}