{"id":11237,"date":"2014-10-19T19:55:33","date_gmt":"2014-10-19T16:55:33","guid":{"rendered":"http:\/\/sanasyria.org\/es\/?p=11237"},"modified":"2014-10-22T16:30:29","modified_gmt":"2014-10-22T13:30:29","slug":"los-vecinos-de-ain-arab-retoman-varios-sitios-en-la-ciudad","status":"publish","type":"post","link":"https:\/\/archive.sana.sy\/es\/?p=11237","title":{"rendered":"Los vecinos de Ain Arab retoman varios sitios en la ciudad"},"content":{"rendered":"<p>Ain Arab-SANA<\/p>\n<p>Los vecinos de la ciudad de Ain Arab ubicada en el noreste del pa\u00eds contin\u00faan abortando los intentos de la organizaci\u00f3n terrorista Estado Isl\u00e1mico de Irak y el levante de invadir a su ciudad, as\u00ed \u00a0como lograron retomar varios sitios en la regi\u00f3n este de la misma.<\/p>\n<p>Fuentes locales anunciaron que los residente de la ciudad libran una resistencia feroz contra los terroristas de la organizaci\u00f3n del EIIL y lograron eliminar 16 terroristas en los enfrentamiento que tuvieron lugar entre ambos lados.<\/p>\n<p>Varios informes certificaron el uso de bombas fosf\u00f3ricas prohibidas internacionalmente, al respecto, el canal ruso RT hab\u00eda divulgado fotograf\u00edas, tomadas desde dentro de la mencionada ciudad, que demuestran las violaciones cometidas por dicha organizaci\u00f3n terrorista.<\/p>\n<p>A todo ello, la aviaci\u00f3n b\u00e9lica de la coalici\u00f3n internacional liderada por los Estados Unidos lanz\u00f3 tres incursiones a\u00e9reas en la noche de ayer contra posiciones del EIIL dentro de\u00a0la ciudad y en las afueras de la misma, provocando la muerte de 15 terroristas del EIIL.<\/p>\n<p>Yamil K.<\/p>\n","protected":false},"excerpt":{"rendered":"<p>Ain Arab-SANA Los vecinos de la ciudad de Ain Arab ubicada en el noreste del pa\u00eds contin\u00faan abortando los intentos de la organizaci\u00f3n terrorista Estado Isl\u00e1mico de Irak y el levante de invadir a su ciudad, as\u00ed \u00a0como lograron retomar varios sitios en la regi\u00f3n este de la misma. Fuentes locales anunciaron que los residente &hellip;<\/p>\n","protected":false},"author":1,"featured_media":11238,"comment_status":"closed","ping_status":"closed","sticky":false,"template":"","format":"standard","meta":{"footnotes":""},"categories":[476,576],"tags":[],"class_list":["post-11237","post","type-post","status-publish","format-standard","has-post-thumbnail","","category-locales","category-noticias-politicas"],"_links":{"self":[{"href":"https:\/\/archive.sana.sy\/es\/index.php?rest_route=\/wp\/v2\/posts\/11237"}],"collection":[{"href":"https:\/\/archive.sana.sy\/es\/index.php?rest_route=\/wp\/v2\/posts"}],"about":[{"href":"https:\/\/archive.sana.sy\/es\/index.php?rest_route=\/wp\/v2\/types\/post"}],"author":[{"embeddable":true,"href":"https:\/\/archive.sana.sy\/es\/index.php?rest_route=\/wp\/v2\/users\/1"}],"replies":[{"embeddable":true,"href":"https:\/\/archive.sana.sy\/es\/index.php?rest_route=%2Fwp%2Fv2%2Fcomments&post=11237"}],"version-history":[{"count":0,"href":"https:\/\/archive.sana.sy\/es\/index.php?rest_route=\/wp\/v2\/posts\/11237\/revisions"}],"wp:featuredmedia":[{"embeddable":true,"href":"https:\/\/archive.sana.sy\/es\/index.php?rest_route=\/wp\/v2\/media\/11238"}],"wp:attachment":[{"href":"https:\/\/archive.sana.sy\/es\/index.php?rest_route=%2Fwp%2Fv2%2Fmedia&parent=11237"}],"wp:term":[{"taxonomy":"category","embeddable":true,"href":"https:\/\/archive.sana.sy\/es\/index.php?rest_route=%2Fwp%2Fv2%2Fcategories&post=11237"},{"taxonomy":"post_tag","embeddable":true,"href":"https:\/\/archive.sana.sy\/es\/index.php?rest_route=%2Fwp%2Fv2%2Ftags&post=11237"}],"curies":[{"name":"wp","href":"https:\/\/api.w.org\/{rel}","templated":true}]}}