{"id":11240,"date":"2014-10-19T19:52:10","date_gmt":"2014-10-19T16:52:10","guid":{"rendered":"http:\/\/sanasyria.org\/es\/?p=11240"},"modified":"2014-10-19T19:52:10","modified_gmt":"2014-10-19T16:52:10","slug":"lavrov-las-organizaciones-terroristas-se-han-incrementado-despues-de-la-invasion-de-irak-en-el-2003","status":"publish","type":"post","link":"https:\/\/archive.sana.sy\/es\/?p=11240","title":{"rendered":"Lavrov: Las organizaciones terroristas se han incrementado despu\u00e9s de la invasi\u00f3n de Irak en el 2003"},"content":{"rendered":"<p>Mosc\u00fa-SANA<\/p>\n<p>El ministro de relaciones exteriores de Rusia, Serguei Lavorov, advirti\u00f3 de repetir el gui\u00f3n de Irak y Libia en Siria, donde occidente intervino en estos dos pa\u00edses bajo el lema de propagar la democracia y hoy en d\u00eda est\u00e1n m\u00e1s cerca que nunca de la divisi\u00f3n.<\/p>\n<p>En declaraciones concedidas hoy, Lavrov, afirm\u00f3 que el deterioro de la situaci\u00f3n en Irak, Libia y otras zonas, ha provocado \u00faltimamente el surgimiento de organizaciones terroristas como Al-Qaeda y el Frente Al-Nusra y que se debe combatirlas por constituir un peligro que amenaza al mundo entero.<\/p>\n<p>El titular ruso, dijo que estas organizaciones terroristas se han incrementado despu\u00e9s de la invasi\u00f3n de Irak en el 2003 que fue ocupado sin concesi\u00f3n del consejo de seguridad.<\/p>\n<p>Con respecto de las relaciones entre Rusia y Estados Unidos, Lavorov dijo que las mismas est\u00e1n estancadas y en algunos casos han llegado a un callej\u00f3n sin salida, afirmando que Washington intenta emplear las relaciones internacionales al servicio de sus intereses y para castigar a los pa\u00edses que no concuerdan con su opini\u00f3n.<\/p>\n<p>Yamil K.<\/p>\n","protected":false},"excerpt":{"rendered":"<p>Mosc\u00fa-SANA El ministro de relaciones exteriores de Rusia, Serguei Lavorov, advirti\u00f3 de repetir el gui\u00f3n de Irak y Libia en Siria, donde occidente intervino en estos dos pa\u00edses bajo el lema de propagar la democracia y hoy en d\u00eda est\u00e1n m\u00e1s cerca que nunca de la divisi\u00f3n. En declaraciones concedidas hoy, Lavrov, afirm\u00f3 que el &hellip;<\/p>\n","protected":false},"author":1,"featured_media":11241,"comment_status":"closed","ping_status":"closed","sticky":false,"template":"","format":"standard","meta":{"footnotes":""},"categories":[456,576],"tags":[],"class_list":["post-11240","post","type-post","status-publish","format-standard","has-post-thumbnail","","category-arabe-internacional-politica","category-noticias-politicas"],"_links":{"self":[{"href":"https:\/\/archive.sana.sy\/es\/index.php?rest_route=\/wp\/v2\/posts\/11240"}],"collection":[{"href":"https:\/\/archive.sana.sy\/es\/index.php?rest_route=\/wp\/v2\/posts"}],"about":[{"href":"https:\/\/archive.sana.sy\/es\/index.php?rest_route=\/wp\/v2\/types\/post"}],"author":[{"embeddable":true,"href":"https:\/\/archive.sana.sy\/es\/index.php?rest_route=\/wp\/v2\/users\/1"}],"replies":[{"embeddable":true,"href":"https:\/\/archive.sana.sy\/es\/index.php?rest_route=%2Fwp%2Fv2%2Fcomments&post=11240"}],"version-history":[{"count":0,"href":"https:\/\/archive.sana.sy\/es\/index.php?rest_route=\/wp\/v2\/posts\/11240\/revisions"}],"wp:featuredmedia":[{"embeddable":true,"href":"https:\/\/archive.sana.sy\/es\/index.php?rest_route=\/wp\/v2\/media\/11241"}],"wp:attachment":[{"href":"https:\/\/archive.sana.sy\/es\/index.php?rest_route=%2Fwp%2Fv2%2Fmedia&parent=11240"}],"wp:term":[{"taxonomy":"category","embeddable":true,"href":"https:\/\/archive.sana.sy\/es\/index.php?rest_route=%2Fwp%2Fv2%2Fcategories&post=11240"},{"taxonomy":"post_tag","embeddable":true,"href":"https:\/\/archive.sana.sy\/es\/index.php?rest_route=%2Fwp%2Fv2%2Ftags&post=11240"}],"curies":[{"name":"wp","href":"https:\/\/api.w.org\/{rel}","templated":true}]}}