{"id":112442,"date":"2019-08-16T19:09:55","date_gmt":"2019-08-16T16:09:55","guid":{"rendered":"https:\/\/sana.sy\/es\/?p=112442"},"modified":"2019-08-16T22:23:36","modified_gmt":"2019-08-16T19:23:36","slug":"la-camara-de-sana-gira-por-el-poblado-liberada-de-tal-al-sakhr-en-el-campo-sureno-de-idlib-y-documenta-los-crimenes-de-las-organizaciones-terroristas-que-han-destruido-totalmente-los-silos-de-trigo-an","status":"publish","type":"post","link":"https:\/\/archive.sana.sy\/es\/?p=112442","title":{"rendered":"C\u00e1mara de SANA documenta la devastaci\u00f3n dejada por los terroristas en Tal Sakher"},"content":{"rendered":"<p style=\"text-align: justify;\"><span style=\"color: #800000;\">Hama- Idleb, SANA<\/span><\/p>\n<p style=\"text-align: justify;\">Tras su liberaci\u00f3n del terrorismo a manos del Ej\u00e9rcito \u00c1rabe Sirio, la c\u00e1mara de SANA document\u00f3 la devastaci\u00f3n causada por los terroristas en el poblado de Tal Sakher en el campo sure\u00f1o de la provincia de Idleb.<\/p>\n<p style=\"text-align: justify;\">Entre las instalaciones econ\u00f3micas destruidas por los radicales est\u00e1n los silos de trigo.<\/p>\n<p style=\"text-align: justify;\"><span style=\"color: #0000ff;\">Dr. A. Shaban\/ F. Marouf\/ E. Dubian<\/span><\/p>\n<div id='gallery-1' class='gallery galleryid-112442 gallery-columns-1 gallery-size-full'><figure class='gallery-item'>\n\t\t\t<div class='gallery-icon landscape'>\n\t\t\t\t<a href='https:\/\/archive.sana.sy\/es\/wp-content\/uploads\/2019\/08\/1-3.jpg'><img loading=\"lazy\" decoding=\"async\" width=\"660\" height=\"456\" src=\"https:\/\/archive.sana.sy\/es\/wp-content\/uploads\/2019\/08\/1-3.jpg\" class=\"attachment-full size-full\" alt=\"\" srcset=\"https:\/\/archive.sana.sy\/es\/wp-content\/uploads\/2019\/08\/1-3.jpg 660w, https:\/\/archive.sana.sy\/es\/wp-content\/uploads\/2019\/08\/1-3-150x104.jpg 150w, https:\/\/archive.sana.sy\/es\/wp-content\/uploads\/2019\/08\/1-3-300x207.jpg 300w, https:\/\/archive.sana.sy\/es\/wp-content\/uploads\/2019\/08\/1-3-110x75.jpg 110w\" sizes=\"(max-width: 660px) 100vw, 660px\" \/><\/a>\n\t\t\t<\/div><\/figure><figure class='gallery-item'>\n\t\t\t<div class='gallery-icon landscape'>\n\t\t\t\t<a href='https:\/\/archive.sana.sy\/es\/wp-content\/uploads\/2019\/08\/2-5.jpg'><img loading=\"lazy\" decoding=\"async\" width=\"660\" height=\"495\" src=\"https:\/\/archive.sana.sy\/es\/wp-content\/uploads\/2019\/08\/2-5.jpg\" class=\"attachment-full size-full\" alt=\"\" srcset=\"https:\/\/archive.sana.sy\/es\/wp-content\/uploads\/2019\/08\/2-5.jpg 660w, https:\/\/archive.sana.sy\/es\/wp-content\/uploads\/2019\/08\/2-5-150x113.jpg 150w, https:\/\/archive.sana.sy\/es\/wp-content\/uploads\/2019\/08\/2-5-300x225.jpg 300w\" sizes=\"(max-width: 660px) 100vw, 660px\" \/><\/a>\n\t\t\t<\/div><\/figure><figure class='gallery-item'>\n\t\t\t<div class='gallery-icon landscape'>\n\t\t\t\t<a href='https:\/\/archive.sana.sy\/es\/wp-content\/uploads\/2019\/08\/3-3.jpg'><img loading=\"lazy\" decoding=\"async\" width=\"660\" height=\"441\" src=\"https:\/\/archive.sana.sy\/es\/wp-content\/uploads\/2019\/08\/3-3.jpg\" class=\"attachment-full size-full\" alt=\"\" srcset=\"https:\/\/archive.sana.sy\/es\/wp-content\/uploads\/2019\/08\/3-3.jpg 660w, https:\/\/archive.sana.sy\/es\/wp-content\/uploads\/2019\/08\/3-3-150x100.jpg 150w, https:\/\/archive.sana.sy\/es\/wp-content\/uploads\/2019\/08\/3-3-300x200.jpg 300w, https:\/\/archive.sana.sy\/es\/wp-content\/uploads\/2019\/08\/3-3-110x75.jpg 110w\" sizes=\"(max-width: 660px) 100vw, 660px\" \/><\/a>\n\t\t\t<\/div><\/figure><figure class='gallery-item'>\n\t\t\t<div class='gallery-icon landscape'>\n\t\t\t\t<a href='https:\/\/archive.sana.sy\/es\/wp-content\/uploads\/2019\/08\/4-4.jpg'><img loading=\"lazy\" decoding=\"async\" width=\"660\" height=\"433\" src=\"https:\/\/archive.sana.sy\/es\/wp-content\/uploads\/2019\/08\/4-4.jpg\" class=\"attachment-full size-full\" alt=\"\" srcset=\"https:\/\/archive.sana.sy\/es\/wp-content\/uploads\/2019\/08\/4-4.jpg 660w, https:\/\/archive.sana.sy\/es\/wp-content\/uploads\/2019\/08\/4-4-150x98.jpg 150w, https:\/\/archive.sana.sy\/es\/wp-content\/uploads\/2019\/08\/4-4-300x197.jpg 300w\" sizes=\"(max-width: 660px) 100vw, 660px\" \/><\/a>\n\t\t\t<\/div><\/figure><figure class='gallery-item'>\n\t\t\t<div class='gallery-icon portrait'>\n\t\t\t\t<a href='https:\/\/archive.sana.sy\/es\/wp-content\/uploads\/2019\/08\/5-129.jpg'><img loading=\"lazy\" decoding=\"async\" width=\"660\" height=\"880\" src=\"https:\/\/archive.sana.sy\/es\/wp-content\/uploads\/2019\/08\/5-129.jpg\" class=\"attachment-full size-full\" alt=\"\" srcset=\"https:\/\/archive.sana.sy\/es\/wp-content\/uploads\/2019\/08\/5-129.jpg 660w, https:\/\/archive.sana.sy\/es\/wp-content\/uploads\/2019\/08\/5-129-113x150.jpg 113w, https:\/\/archive.sana.sy\/es\/wp-content\/uploads\/2019\/08\/5-129-225x300.jpg 225w\" sizes=\"(max-width: 660px) 100vw, 660px\" \/><\/a>\n\t\t\t<\/div><\/figure><figure class='gallery-item'>\n\t\t\t<div class='gallery-icon portrait'>\n\t\t\t\t<a href='https:\/\/archive.sana.sy\/es\/wp-content\/uploads\/2019\/08\/6-101.jpg'><img loading=\"lazy\" decoding=\"async\" width=\"660\" height=\"880\" src=\"https:\/\/archive.sana.sy\/es\/wp-content\/uploads\/2019\/08\/6-101.jpg\" class=\"attachment-full size-full\" alt=\"\" srcset=\"https:\/\/archive.sana.sy\/es\/wp-content\/uploads\/2019\/08\/6-101.jpg 660w, https:\/\/archive.sana.sy\/es\/wp-content\/uploads\/2019\/08\/6-101-113x150.jpg 113w, https:\/\/archive.sana.sy\/es\/wp-content\/uploads\/2019\/08\/6-101-225x300.jpg 225w\" sizes=\"(max-width: 660px) 100vw, 660px\" \/><\/a>\n\t\t\t<\/div><\/figure><figure class='gallery-item'>\n\t\t\t<div class='gallery-icon portrait'>\n\t\t\t\t<a href='https:\/\/archive.sana.sy\/es\/wp-content\/uploads\/2019\/08\/7-84.jpg'><img loading=\"lazy\" decoding=\"async\" width=\"660\" height=\"880\" src=\"https:\/\/archive.sana.sy\/es\/wp-content\/uploads\/2019\/08\/7-84.jpg\" class=\"attachment-full size-full\" alt=\"\" srcset=\"https:\/\/archive.sana.sy\/es\/wp-content\/uploads\/2019\/08\/7-84.jpg 660w, https:\/\/archive.sana.sy\/es\/wp-content\/uploads\/2019\/08\/7-84-113x150.jpg 113w, https:\/\/archive.sana.sy\/es\/wp-content\/uploads\/2019\/08\/7-84-225x300.jpg 225w\" sizes=\"(max-width: 660px) 100vw, 660px\" \/><\/a>\n\t\t\t<\/div><\/figure>\n\t\t<\/div>\n\n","protected":false},"excerpt":{"rendered":"<p>Hama- Idleb, SANA Tras su liberaci\u00f3n del terrorismo a manos del Ej\u00e9rcito \u00c1rabe Sirio, la c\u00e1mara de SANA document\u00f3 la devastaci\u00f3n causada por los terroristas en el poblado de Tal Sakher en el campo sure\u00f1o de la provincia de Idleb. Entre las instalaciones econ\u00f3micas destruidas por los radicales est\u00e1n los silos de trigo. Dr. A. &hellip;<\/p>\n","protected":false},"author":32,"featured_media":112443,"comment_status":"closed","ping_status":"closed","sticky":false,"template":"","format":"standard","meta":{"footnotes":""},"categories":[597,573,571],"tags":[16199],"class_list":["post-112442","post","type-post","status-publish","format-standard","has-post-thumbnail","","category-cinta-de-noticias","category-la-realidad-de-los-acontecimientos-en-siria","category-siria-en-fotos","tag-camara-de-sana-documenta-la-devastacion-dejada-por-los-terroristas-en-tal-sakher"],"_links":{"self":[{"href":"https:\/\/archive.sana.sy\/es\/index.php?rest_route=\/wp\/v2\/posts\/112442"}],"collection":[{"href":"https:\/\/archive.sana.sy\/es\/index.php?rest_route=\/wp\/v2\/posts"}],"about":[{"href":"https:\/\/archive.sana.sy\/es\/index.php?rest_route=\/wp\/v2\/types\/post"}],"author":[{"embeddable":true,"href":"https:\/\/archive.sana.sy\/es\/index.php?rest_route=\/wp\/v2\/users\/32"}],"replies":[{"embeddable":true,"href":"https:\/\/archive.sana.sy\/es\/index.php?rest_route=%2Fwp%2Fv2%2Fcomments&post=112442"}],"version-history":[{"count":0,"href":"https:\/\/archive.sana.sy\/es\/index.php?rest_route=\/wp\/v2\/posts\/112442\/revisions"}],"wp:featuredmedia":[{"embeddable":true,"href":"https:\/\/archive.sana.sy\/es\/index.php?rest_route=\/wp\/v2\/media\/112443"}],"wp:attachment":[{"href":"https:\/\/archive.sana.sy\/es\/index.php?rest_route=%2Fwp%2Fv2%2Fmedia&parent=112442"}],"wp:term":[{"taxonomy":"category","embeddable":true,"href":"https:\/\/archive.sana.sy\/es\/index.php?rest_route=%2Fwp%2Fv2%2Fcategories&post=112442"},{"taxonomy":"post_tag","embeddable":true,"href":"https:\/\/archive.sana.sy\/es\/index.php?rest_route=%2Fwp%2Fv2%2Ftags&post=112442"}],"curies":[{"name":"wp","href":"https:\/\/api.w.org\/{rel}","templated":true}]}}