{"id":11253,"date":"2014-10-20T13:33:24","date_gmt":"2014-10-20T10:33:24","guid":{"rendered":"http:\/\/www.sana.sy\/es\/?p=11253"},"modified":"2014-10-20T13:33:24","modified_gmt":"2014-10-20T10:33:24","slug":"lavrov-ee-uu-aplica-con-sus-aliados-occidentales-una-politica-que-pone-en-peligro-los-principios-de-la-onu","status":"publish","type":"post","link":"https:\/\/archive.sana.sy\/es\/?p=11253","title":{"rendered":"Lavrov: EE.UU aplica con sus aliados occidentales una pol\u00edtica que pone en peligro los principios de la ONU"},"content":{"rendered":"<p style=\"text-align: justify\"><span style=\"color: #800000\">Mosc\u00fa, SANA<\/span><\/p>\n<p style=\"text-align: justify\">El ministro de Exteriores ruso, Sergei Lavrov, dijo que &#8220;hay un deseo por parte de Estados Unidos y de las naciones occidentales en general, para dominar y controlar al mundo y poner en pr\u00e1ctica una pol\u00edtica de unilateralismo y, dictar sus \u00f3rdenes sobre todos los Estados, con el fin de lograr sus intereses&#8221;.<\/p>\n<p style=\"text-align: justify\">Lavrov precis\u00f3 que &#8220;Estados Unidos ejerce con sus aliados occidentales, una pol\u00edtica que pone en peligro la soluci\u00f3n pac\u00edfica de los conflictos, los principios de las Naciones Unidas y la soberan\u00eda e integridad territorial de los estados, bajo el pretexto de proteger a los derechos humanos.<\/p>\n<p style=\"text-align: justify\">Asimismo, el canciller ruso destac\u00f3 que &#8220;la coalici\u00f3n creada por los Estados Unidos para golpear a la organizaci\u00f3n terrorista del &#8220;EI&#8221;, debe ser creada por una resoluci\u00f3n de las Naciones Unidas&#8221;, explicando tambi\u00e9n que &#8220;atacar a los sitios de esta organizaci\u00f3n terrorista en Siria sin llegar a un acuerdo con el gobierno sirio, constituye una violaci\u00f3n a los principios de las Naciones Unidas&#8221;.<\/p>\n<p style=\"text-align: justify\">Por \u00faltimo, Lavrov se\u00f1al\u00f3 que todos saben que la &#8220;oposici\u00f3n siria&#8221;, que lucha junto a los terroristas del &#8220;EI&#8221;, recibe apoyo internacional, incluso los pa\u00edses occidentales considera esta oposici\u00f3n como &#8220;moderada&#8221;.<\/p>\n<p style=\"text-align: justify\"><span style=\"color: #0000ff\">Fady M., Lynn A.<\/span><\/p>\n","protected":false},"excerpt":{"rendered":"<p>Mosc\u00fa, SANA El ministro de Exteriores ruso, Sergei Lavrov, dijo que &#8220;hay un deseo por parte de Estados Unidos y de las naciones occidentales en general, para dominar y controlar al mundo y poner en pr\u00e1ctica una pol\u00edtica de unilateralismo y, dictar sus \u00f3rdenes sobre todos los Estados, con el fin de lograr sus intereses&#8221;. &hellip;<\/p>\n","protected":false},"author":1,"featured_media":11254,"comment_status":"closed","ping_status":"closed","sticky":false,"template":"","format":"standard","meta":{"footnotes":""},"categories":[597,456,457,576],"tags":[2524],"class_list":["post-11253","post","type-post","status-publish","format-standard","has-post-thumbnail","","category-cinta-de-noticias","category-arabe-internacional-politica","category-noticias-arabe-internacional-politica","category-noticias-politicas","tag-lavrov-ee-uu-aplica-con-sus-aliados-occidentales-una-politica-que-pone-en-peligro-los-principios-de-la-onu"],"_links":{"self":[{"href":"https:\/\/archive.sana.sy\/es\/index.php?rest_route=\/wp\/v2\/posts\/11253"}],"collection":[{"href":"https:\/\/archive.sana.sy\/es\/index.php?rest_route=\/wp\/v2\/posts"}],"about":[{"href":"https:\/\/archive.sana.sy\/es\/index.php?rest_route=\/wp\/v2\/types\/post"}],"author":[{"embeddable":true,"href":"https:\/\/archive.sana.sy\/es\/index.php?rest_route=\/wp\/v2\/users\/1"}],"replies":[{"embeddable":true,"href":"https:\/\/archive.sana.sy\/es\/index.php?rest_route=%2Fwp%2Fv2%2Fcomments&post=11253"}],"version-history":[{"count":0,"href":"https:\/\/archive.sana.sy\/es\/index.php?rest_route=\/wp\/v2\/posts\/11253\/revisions"}],"wp:featuredmedia":[{"embeddable":true,"href":"https:\/\/archive.sana.sy\/es\/index.php?rest_route=\/wp\/v2\/media\/11254"}],"wp:attachment":[{"href":"https:\/\/archive.sana.sy\/es\/index.php?rest_route=%2Fwp%2Fv2%2Fmedia&parent=11253"}],"wp:term":[{"taxonomy":"category","embeddable":true,"href":"https:\/\/archive.sana.sy\/es\/index.php?rest_route=%2Fwp%2Fv2%2Fcategories&post=11253"},{"taxonomy":"post_tag","embeddable":true,"href":"https:\/\/archive.sana.sy\/es\/index.php?rest_route=%2Fwp%2Fv2%2Ftags&post=11253"}],"curies":[{"name":"wp","href":"https:\/\/api.w.org\/{rel}","templated":true}]}}