{"id":112576,"date":"2019-08-18T08:50:56","date_gmt":"2019-08-18T05:50:56","guid":{"rendered":"https:\/\/sana.sy\/es\/?p=112576"},"modified":"2023-01-10T15:09:58","modified_gmt":"2023-01-10T13:09:58","slug":"intensos-preparativos-y-amplia-participacion-internacional-en-proxima-edicion-de-la-feria-internacional-de-damasco","status":"publish","type":"post","link":"https:\/\/archive.sana.sy\/es\/?p=112576","title":{"rendered":"Intensos preparativos y amplia participaci\u00f3n internacional en pr\u00f3xima edici\u00f3n de la Feria Internacional de Damasco"},"content":{"rendered":"<p style=\"text-align: justify\"><span style=\"color: #800000\">Damasco, SANA<\/span><\/p>\n<p style=\"text-align: justify\">Contin\u00faan los preparativos para la celebraci\u00f3n de la pr\u00f3xima edici\u00f3n de la Feria Internacional de Damasco, y al mismo tiempo decenas de pa\u00edses confirmaron su participaci\u00f3n en la misma.<\/p>\n<p style=\"text-align: justify\">Les dejamos con este resumen de las noticias m\u00e1s importantes sobre este importante evento econ\u00f3mico:<\/p>\n<p style=\"text-align: justify\"><span style=\"color: #0000ff\">Contin\u00faan preparativos para pr\u00f3xima edici\u00f3n de la Feria Internacional de Damasco<\/span><\/p>\n<p style=\"text-align: justify\">Contin\u00faan los preparativos para la celebraci\u00f3n de la 61\u00aa edici\u00f3n de la Feria Internacional de Damasco en el recinto ferial de Expo-Damasco donde equipos de trabajadores y especialistas trabajan d\u00eda y noche para garantizar todas las condiciones materiales necesarias para el \u00e9xito de este evento que se celebra este a\u00f1o bajo el lema: &#8220;Desde Damasco para el Mundo&#8221;.<\/p>\n<p style=\"text-align: justify\">El gerente general de la Expo-Damasco, Mamoun al-Haj, dijo que se est\u00e1 trabajando desde principios de a\u00f1o y ya se complet\u00f3 el 70% de los preparativos para la feria que se celebrar\u00e1 del 28 de agosto al 4 de septiembre.<\/p>\n<p style=\"text-align: justify\">Agreg\u00f3 que los preparativos incluyen el mantenimiento y el equipamiento de la infraestructura de los pabellones y tambi\u00e9n garantizar el buen funcionamiento de los servicios de agua, electricidad, telecomunicaciones, parqueo de coches, adem\u00e1s de garantizar centros de atenci\u00f3n m\u00e9dica.<\/p>\n<p style=\"text-align: justify\">El \u00e1rea de Expo-damasco es de un mill\u00f3n y 200 mil metros cuadrados, dise\u00f1ada de acuerdo con las mejores normas internacionales, con \u00e1reas verdes de 60 mil metros cuadrados.<\/p>\n<p style=\"text-align: justify\"><span style=\"color: #0000ff\">30 pa\u00edses participan en la pr\u00f3xima edici\u00f3n de la Feria Internacional de Damasco<\/span><\/p>\n<p style=\"text-align: justify\">Unos 30 pa\u00edses confirmaron hasta la fecha su participaci\u00f3n en la 61\u00aa edici\u00f3n de la Feria Internacional de Damasco.<\/p>\n<p style=\"text-align: justify\">Las \u00e1reas reservadas en el recinto ferial de Expo-Damasco superaron los 95 mil metros cuadrados, la cifra m\u00e1s alta desde el inicio de la feria en el a\u00f1o 1958.<\/p>\n<p style=\"text-align: justify\">El director del Empresa de Ferias y Mercados Internacionales, Ghassan Fakyani, declar\u00f3 que est\u00e1 edici\u00f3n se celebrar\u00e1 bajo el lema &#8220;desde Siria para el mundo\u201d, y cuenta con una amplia participaci\u00f3n internacional, lo que demuestra la recuperaci\u00f3n de Siria econ\u00f3mica y comercialmente.<\/p>\n<p style=\"text-align: justify\">Por otro lado, los equipos especializados siguen trabajando para poner los retoques finales de los pabellones y de la infraestructura de Expo-damasco que tiene una superficie de un mill\u00f3n 200 mil metros cuadrados.<\/p>\n<p style=\"text-align: justify\"><span style=\"color: #0000ff\">Invitan a 400 empresarios extranjeros para la 60 edici\u00f3n de la Feria Internacional de Damasco<\/span><\/p>\n<p style=\"text-align: justify\">El Comit\u00e9 de Delegaciones y Relaciones P\u00fablicas del sector privado participante en la Feria Internacional de Damasco anunci\u00f3 que dirigi\u00f3 invitaciones para unos 400 empresarios y hombres de negocios \u00e1rabes y extranjeros para asistir a la 61\u00aa edici\u00f3n de la Feria Internacional de Damasco que arrancar\u00e1 el d\u00eda 28 de este mes de agosto.<\/p>\n<p style=\"text-align: justify\">En declaraciones a SANA, el jefe del comit\u00e9, Wasim al-Qattan, precis\u00f3 que dos delegaciones econ\u00f3micas, una de 40 empresarios de EAU y la otra de 35 del Sultanato de Om\u00e1n, asistir\u00e1n a la feria, adem\u00e1s de una delegaci\u00f3n de la C\u00e1mara Arabo-Brasile\u00f1a.<\/p>\n<p style=\"text-align: justify\">\u201cTambi\u00e9n fueron invitadas 200 figuras econ\u00f3micas de los pa\u00edses europeos y est\u00e1n interesadas \u200b\u200ben el sector alimentario, mientras 100 empresarios de pa\u00edses amigos y hermanos fueron invitados por el comit\u00e9 de comercializaci\u00f3n textil\u201d, explic\u00f3 al-Qattan.<\/p>\n<p style=\"text-align: justify\">La 61 edici\u00f3n de la Feria Internacional de Damasco durar\u00e1 del 28 de agosto al 6 de septiembre, y se celebra este a\u00f1o bajo el lema: \u201cDe Damasco para el Mundo\u201d.<\/p>\n<p style=\"text-align: justify\"><span style=\"color: #0000ff\">Brasil participar\u00e1 en 61 edici\u00f3n de la Feria Internacional de Damasco<\/span><\/p>\n<p style=\"text-align: justify\">El embajador de la Rep\u00fablica Federal de Brasil en Damasco, Fabio Vaz Pitaluga, reiter\u00f3 el apoyo de su pa\u00eds a Siria en su guerra contra el terrorismo y confirm\u00f3 que la Feria Internacional de Damasco refleja efectivamente la recuperaci\u00f3n y la resistencia de Siria a todas las dificultades.<\/p>\n<p style=\"text-align: justify\">Sobre la participaci\u00f3n de Brasil en la 61\u00aa Feria Internacional de Damasco, Pitaluga se\u00f1al\u00f3 que su pa\u00eds participar\u00e1 a trav\u00e9s de representantes de la C\u00e1mara de Comercio \u00c1rabe-Brasile\u00f1a, resaltando que los empresarios de ambos pa\u00edses siguen manteniendo contacto a pesar de todos los desaf\u00edos.<\/p>\n<p style=\"text-align: justify\">Asimismo, subray\u00f3 que el intercambio comercial entre Siria y Brasil ha aumentado durante el primer semestre de este a\u00f1o en comparaci\u00f3n con el a\u00f1o anterior, y record\u00f3 que el volumen del intercambio comercial entre Siria y Brasil rozaba en 600 millones de d\u00f3lares en 2010.<\/p>\n<p style=\"text-align: justify\">Pitaluga manifest\u00f3 el inter\u00e9s de su pa\u00eds en participar en la reconstrucci\u00f3n de Siria y la reactivaci\u00f3n de los acuerdos firmados anteriormente entre ambas naciones.<\/p>\n<p style=\"text-align: justify\">Reiter\u00f3 el apoyo de Brasil la soberan\u00eda, integridad territorial de Siria, as\u00ed como al proceso pol\u00edtico liderado por el propio pueblo sirio lejos de la injerencia externa, expresando su esperanza en el restablecimiento de la paz y seguridad en Siria.<\/p>\n<p style=\"text-align: justify\"><span style=\"color: #0000ff\">M\u00e1s de 100 empresas iraqu\u00edes confirman su participaci\u00f3n en la Feria Internacional de Damasco<\/span><\/p>\n<p style=\"text-align: justify\">M\u00e1s de 100 empresas industriales y comerciales iraqu\u00edes confirmaron su participaci\u00f3n en la 61\u00aa edici\u00f3n de la Feria Internacional de Damasco.<\/p>\n<p style=\"text-align: justify\">En declaraciones a la corresponsal de SANA en Bagdad, varios empresarios iraqu\u00edes afirmaron que el desarrollo de las perspectivas de cooperaci\u00f3n econ\u00f3mica e intercambio comercial entre Siria e Irak es necesario para enfrentar los desaf\u00edos ante los dos pueblos hermanos.<\/p>\n<p style=\"text-align: justify\">&#8220;La Feria Internacional de Damasco es un fen\u00f3meno econ\u00f3mico \u00fanico de su tipo en la regi\u00f3n, y transmite un mensaje de que Siria enfrenta y triunfa con una mano y produce con la otra\u201d, explicaron.<\/p>\n<p style=\"text-align: justify\">Sadiq Moussawi, primer vicepresidente del Consejo Empresarial Sirio-Iraqu\u00ed, afirm\u00f3 que &#8220;la Feria es una prueba de la vitalidad del pueblo sirio y su adhesi\u00f3n a sus opciones nacionales independientes&#8221;.<\/p>\n<p style=\"text-align: justify\">El Comit\u00e9 de Delegaciones y Relaciones P\u00fablicas del sector privado hab\u00eda dirigido invitaciones para unos 400 empresarios y hombres de negocios \u00e1rabes y extranjeros para asistir a la Feria Internacional de Damasco.<\/p>\n<p style=\"text-align: justify\">La 61 edici\u00f3n de la Feria durar\u00e1 del 28 de agosto al 6 de septiembre, y se celebra este a\u00f1o bajo el lema: \u201cDe Damasco para el Mundo\u201d.<\/p>\n<p style=\"text-align: justify\">30 pa\u00edses han confirmado hasta la fecha su participaci\u00f3n en Feria este a\u00f1o, mientras las \u00e1reas reservadas en el recinto ferial superaron los 95 mil metros cuadrados, la cifra m\u00e1s alta desde el inicio de la feria en el a\u00f1o 1958.<\/p>\n<p style=\"text-align: justify\">La amplia participaci\u00f3n internacional en este evento muestra la recuperaci\u00f3n de Siria econ\u00f3mica y comercialmente.<\/p>\n<p style=\"text-align: justify\"><span style=\"color: #0000ff\">Ir\u00e1n tendr\u00e1 una amplia participaci\u00f3n en pr\u00f3xima edici\u00f3n de la Feria Internacional de Damasco<\/span><\/p>\n<p style=\"text-align: justify\">Funcionarios iran\u00edes afirmaron que la 61\u00aa edici\u00f3n de la Feria Internacional de Damasco reviste una gran importancia y la participaci\u00f3n iran\u00ed en la misma ser\u00e1 amplia.<\/p>\n<p style=\"text-align: justify\">Bahman Hosseinzadeh, director ejecutivo de la Compa\u00f1\u00eda Internacional iran\u00ed de Exhibiciones, dijo en una declaraci\u00f3n a SANA en Teher\u00e1n que \u201cla 61\u00aa edici\u00f3n de la Feria refleja las potencialidades de Siria y su r\u00e1pida recuperaci\u00f3n de la crisis que atraves\u00f3\u201d.<\/p>\n<p style=\"text-align: justify\">Hizo alusi\u00f3n a la voluntad iran\u00ed de incrementar las inversiones en Siria en los campos econ\u00f3mico-comercial y en el sector de construcciones.<\/p>\n<p style=\"text-align: justify\">Por su parte, Mehdi Saedozakerin, director general de la compa\u00f1\u00eda Rastak Pars, dijo en una declaraci\u00f3n parecida que la Feria Internacional de Damasco es una important\u00edsima oportunidad para las empresas iran\u00edes especializadas en el \u00e1mbito de infraestructuras, servicios t\u00e9cnicos e ingenieriles que necesita el mercado sirio.<\/p>\n<p style=\"text-align: justify\">Saedozakerin confirm\u00f3 que alrededor de 100 empresas iran\u00edes participar\u00e1n en la Feria de Damasco.<\/p>\n<p style=\"text-align: justify\">Mohammadreza Modoudi, presidente de la Organizaci\u00f3n de Promoci\u00f3n de Exportaciones, afirm\u00f3 que la participaci\u00f3n iran\u00ed en la feria este a\u00f1o ser\u00e1 mayor que a\u00f1os anteriores.<\/p>\n<p style=\"text-align: justify\">Indic\u00f3 que el sector privado, p\u00fablico y las empresas de diferentes sectores participar\u00e1n activamente en la feria.<\/p>\n<p style=\"text-align: justify\">A su vez, Hamidreza Shirian, director general de Palermo Cer\u00e1mica, dijo que la Feria Internacional de Damasco ser\u00e1 una gran oportunidad para conocer las necesidades del mercado sirio y exhibir sus productos.<\/p>\n<p style=\"text-align: justify\"><span style=\"color: #0000ff\">Empresas venezolanas confirman su participaci\u00f3n en la 61 edici\u00f3n de la Feria Internacional de Damasco.<\/span><\/p>\n<p style=\"text-align: justify\">El embajador de la Rep\u00fablica Bolivariana de Venezuela en Damasco, Jos\u00e9 Gregorio Biomorgi Muzattiz, afirm\u00f3 que hay una voluntad conjunta para promover las relaciones econ\u00f3micas entre Venezuela y Siria, y elevarlas al nivel de los nexos pol\u00edticos.<\/p>\n<p style=\"text-align: justify\">En una declaraci\u00f3n a SANA, el embajador venezolano confirm\u00f3 la participaci\u00f3n su pa\u00eds en la pr\u00f3xima edici\u00f3n de la Feria Internacional de Damasco, que calific\u00f3 de un trascendente evento econ\u00f3mico y una oportunidad para fortalecer las relaciones econ\u00f3micas bilaterales y brindar apoyo en los diferentes campos, particularmente en la reconstrucci\u00f3n y la producci\u00f3n.<\/p>\n<p style=\"text-align: justify\">Seg\u00fan el diplom\u00e1tico venezolano, se est\u00e1 coordinando con un grupo de compa\u00f1\u00edas y empresarios en su pa\u00eds para incentivarlos a estar presentes en la Feria.<\/p>\n<p style=\"text-align: justify\">Biomorgi concluy\u00f3 que &#8220;varias empresas confirmaron su deseo de participar en la 61 edici\u00f3n de la feria, y son empresas especializadas en la energ\u00eda, los medicamentos, los alimentos y la reconstrucci\u00f3n&#8221;.<\/p>\n<p style=\"text-align: justify\"><span style=\"color: #0000ff\">Feria Internacional de Damasco, prestigioso evento que muestra el renacer de Siria<\/span><\/p>\n<p style=\"text-align: justify\">En 2011, hubo una ruptura debido a la guerra terrorista que enfrent\u00f3 Siria, pero volvi\u00f3 a celebrarse en 2017, en medio de circunstancias muy dif\u00edciles y a pesar de la crueldad de la guerra, y tuvo de nuevo gran \u00e9xito econ\u00f3mico, social, art\u00edstico y cultural.<\/p>\n<p style=\"text-align: justify\">La primera edici\u00f3n de Expo-Damasco se celebr\u00f3 en 1954 en virtud del decreto n\u00famero 14 del a\u00f1o 1953, y por el gran \u00e9xito que tuvo, se decidi\u00f3 que se celebrara de forma permanente.<\/p>\n<p style=\"text-align: justify\">El centro de Damasco acog\u00eda las actividades de la Feria que estaba rodeada por espacios verdes, esculturas, fuentes de agua, altas astas en las que ondean las banderas de los pa\u00edses participantes, adem\u00e1s de un arco arquitect\u00f3nico en la entrada que data del a\u00f1o 1935.<\/p>\n<p style=\"text-align: justify\">La primera edici\u00f3n en 1954 dur\u00f3 un mes entero y el n\u00famero de visitantes super\u00f3 el mill\u00f3n de todos los pa\u00edses, adem\u00e1s de la participaci\u00f3n de 26 pa\u00edses \u00e1rabes y extranjeros.<\/p>\n<p style=\"text-align: justify\">En 1956, el n\u00famero de pa\u00edses participantes ascendi\u00f3 a 30, y en los a\u00f1os sesenta a 43 pa\u00edses, mientras en 1977 eran unos 51 pa\u00edses, y la mayor participaci\u00f3n fue en 1986 con 63 pa\u00edses, mientras en 2004 fueron 55.<\/p>\n<p style=\"text-align: justify\">A principios de los a\u00f1os sesenta, los artistas sirios hicieron el monumento de la Espada de Damasco en la Rotonda Omeya en el centro de Damasco, como s\u00edmbolo de la fuerza de la ciudad.<\/p>\n<p style=\"text-align: justify\">En 2011, a\u00f1o del inicio de la guerra terrorista, la Empresa de Ferias y Mercados Internacionales celebr\u00f3 la 58\u00aa edici\u00f3n de Expo Damasco en la que participaron 22 pa\u00edses.<\/p>\n<p style=\"text-align: justify\">El nuevo recinto ferial se inaugur\u00f3 en septiembre del 2003 en la carretera del Aeropuerto Internacional de Damasco sobre una superficie de un mill\u00f3n 200 mil metros cuadraos.<\/p>\n<p style=\"text-align: justify\">Despu\u00e9s de una ruptura de cinco a\u00f1os a consecuencia de la guerra terrorista, se celebr\u00f3 en 2017 la 59\u00aa edici\u00f3n que demostr\u00f3 la voluntad de vida de los sirios.<\/p>\n<p style=\"text-align: justify\">En su 60 edici\u00f3n celebrada el a\u00f1o pasado, participaron 48 pa\u00edses y 1700 empresas de diferentes partes del mundo.<\/p>\n<p style=\"text-align: justify\">La pr\u00f3xima edici\u00f3n de la feria se celebrar\u00e1 del 28 del pr\u00f3ximo mes de agosto hasta el 6 de septiembre.<\/p>\n<p style=\"text-align: justify\"><span style=\"color: #0000ff\">Asignan 150 autobuses para transportar a los visitantes de la 61\u00aa Feria Internacional de Damasco<\/span><\/p>\n<p style=\"text-align: justify\">El Ministerio de Administraci\u00f3n Local asign\u00f3 150 autobuses para trasladar gratuitamente a los visitantes de la 61\u00aa edici\u00f3n de la Feria Internacional de Damasco desde la capital Damasco y sus suburbios hasta la ciudad ferial.<\/p>\n<p style=\"text-align: justify\">Aclar\u00f3 que, a partir del segundo d\u00eda de la feria, los primeros autobuses saldr\u00e1n a las 16:30 horas desde puntos de partida fijados en el programa, mientras que los \u00faltimos autobuses regresar\u00e1n de la feria a las 23:00 horas.<\/p>\n<p style=\"text-align: justify\"><span style=\"color: #0000ff\">Argelia vuelve a participar en la Feria Internacional de Damasco<\/span><\/p>\n<p style=\"text-align: justify\">El embajador de la Rep\u00fablica de Argelia en Siria, Saleh Bousha, afirm\u00f3 que las relaciones entre su pa\u00eds y Siria tienen continuidad y se desarrollan r\u00e1pidamente en los \u00e1mbitos pol\u00edtico, econ\u00f3mico y social\u201d.<\/p>\n<p style=\"text-align: justify\">En una entrevista especial con SANA sobre la participaci\u00f3n de Argelia en la 61\u00aa edici\u00f3n de la Feria Internacional de Damasco, el embajador argelino indic\u00f3 que los dos pa\u00edses tienen la voluntad pol\u00edtica de fortalecer la cooperaci\u00f3n y restablecer las relaciones econ\u00f3micas al nivel anterior a la crisis.<\/p>\n<p style=\"text-align: justify\">Bousha afirm\u00f3 que su pa\u00eds participar\u00e1 por primera vez en las actividades de la feria desde su reanudaci\u00f3n en 2017, y expres\u00f3 la voluntad de Argel de abrir la puerta para el regreso de las empresas argelinas al mercado sirio en un paso hacia la reconstrucci\u00f3n de una asociaci\u00f3n que sirva a los intereses de los dos pueblos y pa\u00edses hermanos.<\/p>\n<p style=\"text-align: justify\">Agreg\u00f3 que Siria ha sido el primer socio econ\u00f3mico y comercial de su pa\u00eds, ya que el volumen de intercambio comercial entre los dos pa\u00edses en el a\u00f1o 2010 alcanz\u00f3 los USD 600 millones, y se\u00f1al\u00f3 que Siria sol\u00eda participar regularmente en las ferias de Argelia y su \u00faltima participaci\u00f3n fue en las actividades de la Feria Internacional de Argelia en junio pasado.<\/p>\n<p><span style=\"color: #0000ff\">F. Marouf\/ Dr. A. Shaban<\/span><\/p>\n","protected":false},"excerpt":{"rendered":"<p>Damasco, SANA Contin\u00faan los preparativos para la celebraci\u00f3n de la pr\u00f3xima edici\u00f3n de la Feria Internacional de Damasco, y al mismo tiempo decenas de pa\u00edses confirmaron su participaci\u00f3n en la misma. Les dejamos con este resumen de las noticias m\u00e1s importantes sobre este importante evento econ\u00f3mico: Contin\u00faan preparativos para pr\u00f3xima edici\u00f3n de la Feria Internacional &hellip;<\/p>\n","protected":false},"author":1,"featured_media":112577,"comment_status":"closed","ping_status":"closed","sticky":false,"template":"","format":"standard","meta":{"footnotes":""},"categories":[597,485,7541],"tags":[16215],"class_list":["post-112576","post","type-post","status-publish","format-standard","has-post-thumbnail","","category-cinta-de-noticias","category-informes-negocios-y-finanzas","category-ultimas-noticias","tag-intensos-preparativos-y-amplia-participacion-internacional-en-proxima-edicion-de-la-feria-internacional-de-damasco"],"_links":{"self":[{"href":"https:\/\/archive.sana.sy\/es\/index.php?rest_route=\/wp\/v2\/posts\/112576"}],"collection":[{"href":"https:\/\/archive.sana.sy\/es\/index.php?rest_route=\/wp\/v2\/posts"}],"about":[{"href":"https:\/\/archive.sana.sy\/es\/index.php?rest_route=\/wp\/v2\/types\/post"}],"author":[{"embeddable":true,"href":"https:\/\/archive.sana.sy\/es\/index.php?rest_route=\/wp\/v2\/users\/1"}],"replies":[{"embeddable":true,"href":"https:\/\/archive.sana.sy\/es\/index.php?rest_route=%2Fwp%2Fv2%2Fcomments&post=112576"}],"version-history":[{"count":0,"href":"https:\/\/archive.sana.sy\/es\/index.php?rest_route=\/wp\/v2\/posts\/112576\/revisions"}],"wp:featuredmedia":[{"embeddable":true,"href":"https:\/\/archive.sana.sy\/es\/index.php?rest_route=\/wp\/v2\/media\/112577"}],"wp:attachment":[{"href":"https:\/\/archive.sana.sy\/es\/index.php?rest_route=%2Fwp%2Fv2%2Fmedia&parent=112576"}],"wp:term":[{"taxonomy":"category","embeddable":true,"href":"https:\/\/archive.sana.sy\/es\/index.php?rest_route=%2Fwp%2Fv2%2Fcategories&post=112576"},{"taxonomy":"post_tag","embeddable":true,"href":"https:\/\/archive.sana.sy\/es\/index.php?rest_route=%2Fwp%2Fv2%2Ftags&post=112576"}],"curies":[{"name":"wp","href":"https:\/\/api.w.org\/{rel}","templated":true}]}}