{"id":112579,"date":"2019-08-18T09:01:15","date_gmt":"2019-08-18T06:01:15","guid":{"rendered":"https:\/\/sana.sy\/es\/?p=112579"},"modified":"2023-01-10T15:09:57","modified_gmt":"2023-01-10T13:09:57","slug":"boletin-economico-semanal-de-las-noticias-mas-importante-la-recuperacion-de-siria","status":"publish","type":"post","link":"https:\/\/archive.sana.sy\/es\/?p=112579","title":{"rendered":"Bolet\u00edn econ\u00f3mico semanal de las noticias m\u00e1s importante la recuperaci\u00f3n de Siria"},"content":{"rendered":"<p style=\"text-align: justify;\"><span style=\"color: #800000;\">Damasco, SANA<\/span><\/p>\n<p style=\"text-align: justify;\"><span style=\"color: #0000ff;\">La semana reci\u00e9n concluida presenci\u00f3 importantes pasos hacia la recuperaci\u00f3n de Siria de la guerra impuesta.<\/span><\/p>\n<p style=\"text-align: justify;\"><span style=\"color: #0000ff;\">A continuaci\u00f3n, les ofrecemos un resumen de las noticias m\u00e1s importantes en los sectores de la industria, la agricultura, el deporte y los servicios.<\/span><\/p>\n<p style=\"text-align: justify;\"><span style=\"color: #0000ff;\">Empresa de Cables planea construir nuevas plantas para prescindir de la importaci\u00f3n<\/span><\/p>\n<p style=\"text-align: justify;\">La Empresa Estatal de Industrias de Cables satisface la necesidad de las diferentes instituciones de los ministerios de Electricidad y Telecomunicaciones, y las empresas de los sectores p\u00fablico y privado, de los diferentes tipos de cables.<\/p>\n<p style=\"text-align: justify;\">\u201cLa visi\u00f3n de la empresa consiste en modernizar y ampliar las l\u00edneas de producci\u00f3n, construir nuevas plantas para la producci\u00f3n de gr\u00e1nulos de pl\u00e1stico y cables aislados de media tensi\u00f3n, lo cual ahorrar\u00eda divisas al reducir la importaci\u00f3n\u201d, dijo Abdul Qader Qadour, director general de la Empresa.<\/p>\n<p style=\"text-align: justify;\">Revel\u00f3 que se est\u00e1 estudiando la posibilidad de construir una planta para la fabricaci\u00f3n de transformadores el\u00e9ctricos para garantizar la necesidad del mercado interno y reducir la dependencia de las importaciones.<\/p>\n<p style=\"text-align: justify;\">\u201cEntre nuestros planes est\u00e1, adem\u00e1s, el establecimiento de dos f\u00e1bricas para fundir y producir barras de aluminio y cobre en lugar de importarlas\u201d, precis\u00f3.<\/p>\n<p style=\"text-align: justify;\">El director de la Empresa indic\u00f3 que existe un proyecto estrat\u00e9gico para revivir la industria de cables de vibra \u00f3ptica en cooperaci\u00f3n con el Ministerio de Telecomunicaciones.<\/p>\n<p style=\"text-align: justify;\">La Empresa produjo hasta junio de este a\u00f1o, unos dos mil 858 toneladas por valor estimado de casi nueve mil millones de libras sirias (18 millones de d\u00f3lares), con una tasa de implementaci\u00f3n del 93% del plan de producci\u00f3n.<\/p>\n<p style=\"text-align: justify;\"><span style=\"color: #0000ff;\">Concluyen obras de ampliaci\u00f3n de una central el\u00e9ctrica a un costo estimado de 670 millones de euros<\/span><\/p>\n<p style=\"text-align: justify;\">Cumpliendo indicaciones del presidente Bashar al-Assad, el primer ministro, Imad Khamis, inspeccion\u00f3 las instalaciones de la central de generaci\u00f3n el\u00e9ctrica de Deir Ali ubicada al sur de la capital Damasco, y que alimenta la red el\u00e9ctrica nacional con mil 300 megavatios.<\/p>\n<p style=\"text-align: justify;\">Khamis estuvo al tanto de las obras ejecutadas en el proyecto de extensi\u00f3n de la planta que comenz\u00f3 en el a\u00f1o 2011 y fue completado durante los a\u00f1os de la guerra.<\/p>\n<p style=\"text-align: justify;\">La ampliaci\u00f3n de la central tuvo un costo estimado de 670 millones de euros y garantiz\u00f3 la generaci\u00f3n de 750 megavatios adicionales.<\/p>\n<p style=\"text-align: justify;\">El primer ministro felicit\u00f3 a los obreros, t\u00e9cnicos e ingenieros por sus esfuerzos y por la fiesta de Eid al-Adha (Fiesta musulmana del sacrificio), as\u00ed como elogi\u00f3 los enormes esfuerzos desempe\u00f1ados por los mismos para culminar el proyecto seg\u00fan el cronograma fijado.<\/p>\n<p style=\"text-align: justify;\">En declaraciones a SANA, el ministro de Energ\u00eda El\u00e9ctrica, Mohamad Zuheir Kharbutli, se\u00f1al\u00f3 que las medidas econ\u00f3micas coercitivas impuestas a Siria no han logrado frenar la implementaci\u00f3n de los proyectos de energ\u00eda en el pa\u00eds.<\/p>\n<p style=\"text-align: justify;\"><span style=\"color: #0000ff;\">Tras seis a\u00f1os de interrupci\u00f3n, restablecen servicio el\u00e9ctrico en Quneitra<\/span><\/p>\n<p style=\"text-align: justify;\">Tras seis a\u00f1os de interrupci\u00f3n a consecuencia de las acciones terroristas, la electricidad fue restablecida en la localidad de Um Batineh y los poblados a su alrededor en la provincia de Quneitra, en el sudoeste del pa\u00eds.<\/p>\n<p style=\"text-align: justify;\">El director de la Empresa El\u00e9ctrica de Quneitra, Bassam Masri, declar\u00f3 que los equipos de trabajadores concluyeron las obras de reparaci\u00f3n de una l\u00ednea de mediana tensi\u00f3n de siete kil\u00f3metros, adem\u00e1s de rehabilitar toda la red de baja tensi\u00f3n.<\/p>\n<p style=\"text-align: justify;\">Recientemente, los t\u00e9cnicos de la Empresa General de Electricidad de Quneitra hab\u00edan culminado la instalaci\u00f3n de ocho subestaciones el\u00e9ctricas transformadoras de diversas potencias en varios poblados de la provincia.<\/p>\n<p style=\"text-align: justify;\">Las obras realizadas vienen en marco de los esfuerzos por la restauraci\u00f3n de las plantas transformadoras que hab\u00edan sufrido sabotajes a manos del terrorismo.<\/p>\n<p style=\"text-align: justify;\"><span style=\"color: #0000ff;\">Inicia proyecto para reducir la contaminaci\u00f3n en aguas del r\u00edo Orontes en Hama<\/span><\/p>\n<p style=\"text-align: justify;\">La Empresa Estatal de Alcantarillado comenz\u00f3 las obras de ejecuci\u00f3n de un proyecto en la provincia de Hama para reducir la contaminaci\u00f3n en el lecho del r\u00edo Orontes.<\/p>\n<p style=\"text-align: justify;\">El proyecto consiste en la construcci\u00f3n de dos tuber\u00edas de alcantarillado adyacentes al lecho del r\u00edo en Hama.<\/p>\n<p style=\"text-align: justify;\">Seg\u00fan declar\u00f3 Wahid Youssef, gerente de la empresa, la implementaci\u00f3n del proyecto contribuir\u00e1 a la eliminaci\u00f3n de la contaminaci\u00f3n de las fuentes de agua al hacer que las aguas residuales pasen primero por la planta de tratamiento.<\/p>\n<p style=\"text-align: justify;\">El proyecto que culminar\u00e1 en dos meses, ha sido acogido bien por los habitantes y visitantes de la Ciudad de las Norias, especialmente los propietarios de los restaurantes, cafeter\u00edas y parques en las orillas del r\u00edo.<\/p>\n<p style=\"text-align: justify;\"><span style=\"color: #0000ff;\">Producci\u00f3n de higos en Quneitra asciende a mil 600 toneladas<\/span><\/p>\n<p style=\"text-align: justify;\">El Departamento de Agricultura de la provincia de Quneitra en el sudoeste del pa\u00eds, estim\u00f3 la producci\u00f3n de higos en la actual temporada agr\u00edcola en mil 608 toneladas.<\/p>\n<p style=\"text-align: justify;\">Las \u00e1reas cultivadas de higos en la provincia se estiman en 558 hect\u00e1reas y hay alrededor de 80 mil \u00e1rboles fruct\u00edferos.<\/p>\n<p style=\"text-align: justify;\">La producci\u00f3n total de higos de la provincia en la \u00faltima temporada fue de mil 400 toneladas.<\/p>\n<p style=\"text-align: justify;\">Otras provincias sirias cultivan higos como Homs, Alepo, Latakia y Hama, \u00e9sta \u00faltima produjo el a\u00f1o pasado m\u00e1s de ocho mil toneladas.<\/p>\n<p style=\"text-align: justify;\"><span style=\"color: #0000ff;\">Provincia de Latakia produce m\u00e1s de 6000 toneladas de uvas<\/span><\/p>\n<p style=\"text-align: justify;\">El cultivo de uvas presenci\u00f3 notable recuperaci\u00f3n en la provincia costera siria de Latakia.<\/p>\n<p style=\"text-align: justify;\">El Departamento de Agricultura en Latakia inform\u00f3 en una nota de prensa, que el n\u00famero total de vi\u00f1edos cultivados supera los 400 mil \u00e1rbolesen una superficie de 360 hect\u00e1reas.<\/p>\n<p style=\"text-align: justify;\">Este a\u00f1o, el Departamento estim\u00f3 un significativo aumento en la producci\u00f3n debido a las condiciones clim\u00e1ticas favorables.<\/p>\n<p style=\"text-align: justify;\">\u201cLa producci\u00f3n este a\u00f1o superar\u00e1 las 6620 toneladas con un aumento de m\u00e1s de 2000 toneladas del a\u00f1o pasado\u201d, precis\u00f3 la nota.<\/p>\n<p style=\"text-align: justify;\"><span style=\"color: #0000ff;\">Provincia de Homs produce 100 mil toneladas de manzanas<\/span><\/p>\n<p style=\"text-align: justify;\">La provincia de Homs es la primera en Siria en el cultivo de manzanas, y su producci\u00f3n este a\u00f1o se estima en unas 100 mil toneladas.<\/p>\n<p style=\"text-align: justify;\">El Departamento de Agricultura en Homs anunci\u00f3 que el n\u00famero total de \u00e1rboles de manzana supera los cuatro millones 500 mil, en su mayor\u00eda se concentran en el campo oeste y sur de la provincia.<\/p>\n<p style=\"text-align: justify;\">Precis\u00f3 que las tierras plantadas con manzanos ascienden a 11 mil hect\u00e1reas.<\/p>\n<p style=\"text-align: justify;\">El cultivo de manzanas en Homs es fuente de ingreso para miles de familias y proporciona miles de puestos de trabajo dentro y fuera de la provincia.<\/p>\n<p style=\"text-align: justify;\"><span style=\"color: #0000ff;\">Siria conquista dos doradas y una plateada en el Campeonato de Asia Occidental<\/span><\/p>\n<p style=\"text-align: justify;\">La selecci\u00f3n siria de atletismo logr\u00f3 dos preseas de oro y una de plata en el segundo d\u00eda del tercer Campeonato Junior de Asia Occidental para juegos de fuerza que se desarrolla actualmente en la capital libanesa de Beirut.<\/p>\n<p style=\"text-align: justify;\">Las dos doradas fueron conquistadas por Rima al-Hasan en la competici\u00f3n de lanzamiento de bala y por Aya Rahia en los 400 metros vallas, mientras Zein al-Abedin Ismael gan\u00f3 una plateada en los 400 metros vallas.<\/p>\n<p style=\"text-align: justify;\">Es de se\u00f1alar que el Campeonato durar\u00e1 hasta el 18 del mes en curso.<\/p>\n<p style=\"text-align: justify;\"><span style=\"color: #0000ff;\">Atleta siria gana medalla de oro en el Campeonato de Asia Occidental<\/span><\/p>\n<p style=\"text-align: justify;\">La atleta siria Ramia Shaaban gan\u00f3 este mi\u00e9rcoles una medalla de oro en el 3er Campeonato Junior de Asia Occidental que actualmente se celebra en la capital libanesa Beirut.<\/p>\n<p style=\"text-align: justify;\">En el primer d\u00eda del Campeonato, Shaaban ocup\u00f3 el primer lugar y gan\u00f3 el oro en la caminata de 5 kil\u00f3metros para junior, ya que super\u00f3 a sus pares de once estados.<\/p>\n<p style=\"text-align: justify;\">El campeonato durar\u00e1 hasta el 18 de agosto.<\/p>\n<p style=\"text-align: justify;\"><span style=\"color: #0000ff;\">Palmira sigue recibiendo a turistas de diferentes partes del mundo<\/span><\/p>\n<p style=\"text-align: justify;\">Como parte de la recuperaci\u00f3n gradual del turismo, un grupo de turistas extranjeros visit\u00f3 la antigua ciudad Palmira, ubicada en el desierto sirio.<\/p>\n<p style=\"text-align: justify;\">El grupo abarca a nacionales de Francia, Gran Breta\u00f1a, Italia, Holanda, Irlanda, Australia, Canad\u00e1, Alemania, Noruega y Eslovaquia.<\/p>\n<p style=\"text-align: justify;\">Los visitantes recorrieron las ruinas de la Perla del Desierto sirio y estuvieron al tanto de la devastaci\u00f3n causada por los terroristas del Daesh antes de ser liberada a manos del ej\u00e9rcito sirio.<\/p>\n<p style=\"text-align: justify;\">En declaraci\u00f3n a SANA, los integrantes del grupo manifestaron su denuncia y tristeza por la destrucci\u00f3n brutal de estas ruinas por el grupo terrorista Daesh.<\/p>\n<p style=\"text-align: justify;\">Afirmaron que el pueblo sirio es amable y hospitalario, e indicaron que est\u00e1n trabajando para alentar a las personas a visitar Siria, la cuna de las civilizaciones.<\/p>\n<p style=\"text-align: justify;\">Los turistas expresaron su esperanza de que las organizaciones culturales internacionales reconstruyan lo destruido en esta ciudad que pertenece a toda la humanidad.<\/p>\n<p style=\"text-align: justify;\">\u201cNuestro sue\u00f1o de visitar Siria se hizo realidad y nuestro recorrido abarca a Damasco, Alepo, el Crac de Caballeros y Palmira\u201d, concluyeron.<\/p>\n<p style=\"text-align: justify;\"><span style=\"color: #0000ff;\">Concluye tercera edici\u00f3n del Festival Tur\u00edstico de Bloudan<\/span><\/p>\n<p style=\"text-align: justify;\">Con una notable presencia popular y oficial, concluyeron las actividades de la tercera edici\u00f3n del Festival de Turismo de Bloudan.<\/p>\n<p style=\"text-align: justify;\">La ceremonia de clausura incluy\u00f3 conciertos musicales de varios cantantes sirios y libaneses, en medio de un ambiente de alegr\u00eda y felicidad.<\/p>\n<p style=\"text-align: justify;\">De igual manera, se presentaron actuaciones art\u00edsticas que encarnaban la victoria de Siria y la voluntad de su pueblo y su capacidad de resistencia.<\/p>\n<p style=\"text-align: justify;\">Los asistentes aseguraron que el festival se ha convertido en un evento tur\u00edstico, econ\u00f3mico, cultural y recreativo que dibuja alegr\u00eda sobre los rostros de la gente.<\/p>\n<p style=\"text-align: justify;\">Bloudan es una de las localidades tur\u00edsticas m\u00e1s importantes de Siria, est\u00e1 a unos 2000 metros de altura y se ubica a unos 45 km al noroeste de la capital Damasco.<\/p>\n<p style=\"text-align: justify;\">Fue liberada del terrorismo por el ej\u00e9rcito sirio hace tres a\u00f1os y desde aquella fecha la vida ha vuelto a la esta urbe.<\/p>\n<p style=\"text-align: justify;\"><span style=\"color: #0000ff;\">Comienza Primer Festival de Turismo Obrero en la playa del cabo al-Bassit<\/span><\/p>\n<p style=\"text-align: justify;\">Comenzaron las actividades del I Festival de Turismo Obrero \u201cAl-Bassit 2019\u201d, organizado por la Federaci\u00f3n de Sindicatos de Trabajadores y el Ministerio de Turismo, en la Playa del Cabo al-Bassit, en la provincia de Latakia.<\/p>\n<p style=\"text-align: justify;\">El festival dura dos d\u00edas e incluye un zoco de artesan\u00edas, actividades art\u00edsticas, competiciones deportivas, entre otras actividades de recreo.<\/p>\n<p style=\"text-align: justify;\">El acto de apertura fue escenario de fuegos artificiales y juegos mar\u00edtimos con lanchas, adem\u00e1s de baile folkl\u00f3rico, cantos y habilidades deportivas.<\/p>\n<p style=\"text-align: justify;\">El Cabo al-Bassit es un reconocido centro tur\u00edstico y recreativo situado a 40 kil\u00f3metros de Latakia, ciudad cabecera de la provincia de igual nombre a 348 kil\u00f3metros al norte de Damasco.<\/p>\n<p><span style=\"color: #0000ff;\">F. Marouf\/ Dr. A. Shaban<\/span><\/p>\n","protected":false},"excerpt":{"rendered":"<p>Damasco, SANA La semana reci\u00e9n concluida presenci\u00f3 importantes pasos hacia la recuperaci\u00f3n de Siria de la guerra impuesta. A continuaci\u00f3n, les ofrecemos un resumen de las noticias m\u00e1s importantes en los sectores de la industria, la agricultura, el deporte y los servicios. Empresa de Cables planea construir nuevas plantas para prescindir de la importaci\u00f3n La &hellip;<\/p>\n","protected":false},"author":1,"featured_media":112241,"comment_status":"closed","ping_status":"closed","sticky":false,"template":"","format":"standard","meta":{"footnotes":""},"categories":[597,485,476,7541],"tags":[16216],"class_list":["post-112579","post","type-post","status-publish","format-standard","has-post-thumbnail","","category-cinta-de-noticias","category-informes-negocios-y-finanzas","category-locales","category-ultimas-noticias","tag-boletin-economico-semanal-de-las-noticias-mas-importante-la-recuperacion-de-siria"],"_links":{"self":[{"href":"https:\/\/archive.sana.sy\/es\/index.php?rest_route=\/wp\/v2\/posts\/112579"}],"collection":[{"href":"https:\/\/archive.sana.sy\/es\/index.php?rest_route=\/wp\/v2\/posts"}],"about":[{"href":"https:\/\/archive.sana.sy\/es\/index.php?rest_route=\/wp\/v2\/types\/post"}],"author":[{"embeddable":true,"href":"https:\/\/archive.sana.sy\/es\/index.php?rest_route=\/wp\/v2\/users\/1"}],"replies":[{"embeddable":true,"href":"https:\/\/archive.sana.sy\/es\/index.php?rest_route=%2Fwp%2Fv2%2Fcomments&post=112579"}],"version-history":[{"count":0,"href":"https:\/\/archive.sana.sy\/es\/index.php?rest_route=\/wp\/v2\/posts\/112579\/revisions"}],"wp:featuredmedia":[{"embeddable":true,"href":"https:\/\/archive.sana.sy\/es\/index.php?rest_route=\/wp\/v2\/media\/112241"}],"wp:attachment":[{"href":"https:\/\/archive.sana.sy\/es\/index.php?rest_route=%2Fwp%2Fv2%2Fmedia&parent=112579"}],"wp:term":[{"taxonomy":"category","embeddable":true,"href":"https:\/\/archive.sana.sy\/es\/index.php?rest_route=%2Fwp%2Fv2%2Fcategories&post=112579"},{"taxonomy":"post_tag","embeddable":true,"href":"https:\/\/archive.sana.sy\/es\/index.php?rest_route=%2Fwp%2Fv2%2Ftags&post=112579"}],"curies":[{"name":"wp","href":"https:\/\/api.w.org\/{rel}","templated":true}]}}