{"id":112581,"date":"2019-08-18T09:06:35","date_gmt":"2019-08-18T06:06:35","guid":{"rendered":"https:\/\/sana.sy\/es\/?p=112581"},"modified":"2019-08-18T09:06:35","modified_gmt":"2019-08-18T06:06:35","slug":"siria-se-esfuerza-para-recuperar-su-sector-del-turismo","status":"publish","type":"post","link":"https:\/\/archive.sana.sy\/es\/?p=112581","title":{"rendered":"Siria se esfuerza para recuperar su sector del turismo"},"content":{"rendered":"<p style=\"text-align: justify;\"><span style=\"color: #800000;\">Damasco, SANA<\/span><\/p>\n<p style=\"text-align: justify;\">Importante esfuerzos se est\u00e1n llevando a cabo para la recuperaci\u00f3n del sector del turismo en Siria.<\/p>\n<p style=\"text-align: justify;\">Les dejamos con estas noticias de la semana reci\u00e9n concluida sobre las actividades relativas al turismo en Siria:<\/p>\n<p style=\"text-align: justify;\"><span style=\"color: #0000ff;\">Palmira sigue recibiendo a turistas de diferentes partes del mundo<\/span><\/p>\n<p style=\"text-align: justify;\">Como parte de la recuperaci\u00f3n gradual del turismo, un grupo de turistas extranjeros visit\u00f3 la antigua ciudad Palmira, ubicada en el desierto sirio.<\/p>\n<p style=\"text-align: justify;\">El grupo abarca a nacionales de Francia, Gran Breta\u00f1a, Italia, Holanda, Irlanda, Australia, Canad\u00e1, Alemania, Noruega y Eslovaquia.<\/p>\n<p style=\"text-align: justify;\">Los visitantes recorrieron las ruinas de la Perla del Desierto sirio y estuvieron al tanto de la devastaci\u00f3n causada por los terroristas del Daesh antes de ser liberada a manos del ej\u00e9rcito sirio.<\/p>\n<p style=\"text-align: justify;\">En declaraci\u00f3n a SANA, los integrantes del grupo manifestaron su denuncia y tristeza por la destrucci\u00f3n brutal de estas ruinas por el grupo terrorista Daesh.<\/p>\n<p style=\"text-align: justify;\">Afirmaron que el pueblo sirio es amable y hospitalario, e indicaron que est\u00e1n trabajando para alentar a las personas a visitar Siria, la cuna de las civilizaciones.<\/p>\n<p style=\"text-align: justify;\">Los turistas expresaron su esperanza de que las organizaciones culturales internacionales reconstruyan lo destruido en esta ciudad que pertenece a toda la humanidad.<\/p>\n<p style=\"text-align: justify;\">\u201cNuestro sue\u00f1o de visitar Siria se hizo realidad y nuestro recorrido abarca a Damasco, Alepo, el Crac de Caballeros y Palmira\u201d, concluyeron.<\/p>\n<p style=\"text-align: justify;\"><span style=\"color: #0000ff;\">Concluye tercera edici\u00f3n del Festival Tur\u00edstico de Bloudan<\/span><\/p>\n<p style=\"text-align: justify;\">Con una notable presencia popular y oficial, concluyeron las actividades de la tercera edici\u00f3n del Festival de Turismo de Bloudan.<\/p>\n<p style=\"text-align: justify;\">La ceremonia de clausura incluy\u00f3 conciertos musicales de varios cantantes sirios y libaneses, en medio de un ambiente de alegr\u00eda y felicidad.<\/p>\n<p style=\"text-align: justify;\">De igual manera, se presentaron actuaciones art\u00edsticas que encarnaban la victoria de Siria y la voluntad de su pueblo y su capacidad de resistencia.<\/p>\n<p style=\"text-align: justify;\">Los asistentes aseguraron que el festival se ha convertido en un evento tur\u00edstico, econ\u00f3mico, cultural y recreativo que dibuja alegr\u00eda sobre los rostros de la gente.<\/p>\n<p style=\"text-align: justify;\">Bloudan es una de las localidades tur\u00edsticas m\u00e1s importantes de Siria, est\u00e1 a unos 2000 metros de altura y se ubica a unos 45 km al noroeste de la capital Damasco.<\/p>\n<p style=\"text-align: justify;\">Fue liberada del terrorismo por el ej\u00e9rcito sirio hace tres a\u00f1os y desde aquella fecha la vida ha vuelto a la esta urbe.<\/p>\n<p style=\"text-align: justify;\"><span style=\"color: #0000ff;\">Comienza Primer Festival de Turismo Obrero en la playa del cabo al-Bassit<\/span><\/p>\n<p style=\"text-align: justify;\">Comenzaron las actividades del I Festival de Turismo Obrero \u201cAl-Bassit 2019\u201d, organizado por la Federaci\u00f3n de Sindicatos de Trabajadores y el Ministerio de Turismo, en la Playa del Cabo al-Bassit, en la provincia de Latakia.<\/p>\n<p style=\"text-align: justify;\">El festival dura dos d\u00edas e incluye un zoco de artesan\u00edas, actividades art\u00edsticas, competiciones deportivas, entre otras actividades de recreo.<\/p>\n<p style=\"text-align: justify;\">El acto de apertura fue escenario de fuegos artificiales y juegos mar\u00edtimos con lanchas, adem\u00e1s de baile folkl\u00f3rico, cantos y habilidades deportivas.<\/p>\n<p style=\"text-align: justify;\">El Cabo al-Bassit es un reconocido centro tur\u00edstico y recreativo situado a 40 kil\u00f3metros de Latakia, ciudad cabecera de la provincia de igual nombre a 348 kil\u00f3metros al norte de Damasco.<\/p>\n<p style=\"text-align: justify;\"><span style=\"color: #0000ff;\">F. Marouf\/ Dr. A. Shaban<\/span><\/p>\n","protected":false},"excerpt":{"rendered":"<p>Damasco, SANA Importante esfuerzos se est\u00e1n llevando a cabo para la recuperaci\u00f3n del sector del turismo en Siria. Les dejamos con estas noticias de la semana reci\u00e9n concluida sobre las actividades relativas al turismo en Siria: Palmira sigue recibiendo a turistas de diferentes partes del mundo Como parte de la recuperaci\u00f3n gradual del turismo, un &hellip;<\/p>\n","protected":false},"author":1,"featured_media":112425,"comment_status":"closed","ping_status":"closed","sticky":false,"template":"","format":"standard","meta":{"footnotes":""},"categories":[597,476,7541],"tags":[16217],"class_list":["post-112581","post","type-post","status-publish","format-standard","has-post-thumbnail","","category-cinta-de-noticias","category-locales","category-ultimas-noticias","tag-siria-se-esfuerza-para-recuperar-su-sector-del-turismo"],"_links":{"self":[{"href":"https:\/\/archive.sana.sy\/es\/index.php?rest_route=\/wp\/v2\/posts\/112581"}],"collection":[{"href":"https:\/\/archive.sana.sy\/es\/index.php?rest_route=\/wp\/v2\/posts"}],"about":[{"href":"https:\/\/archive.sana.sy\/es\/index.php?rest_route=\/wp\/v2\/types\/post"}],"author":[{"embeddable":true,"href":"https:\/\/archive.sana.sy\/es\/index.php?rest_route=\/wp\/v2\/users\/1"}],"replies":[{"embeddable":true,"href":"https:\/\/archive.sana.sy\/es\/index.php?rest_route=%2Fwp%2Fv2%2Fcomments&post=112581"}],"version-history":[{"count":0,"href":"https:\/\/archive.sana.sy\/es\/index.php?rest_route=\/wp\/v2\/posts\/112581\/revisions"}],"wp:featuredmedia":[{"embeddable":true,"href":"https:\/\/archive.sana.sy\/es\/index.php?rest_route=\/wp\/v2\/media\/112425"}],"wp:attachment":[{"href":"https:\/\/archive.sana.sy\/es\/index.php?rest_route=%2Fwp%2Fv2%2Fmedia&parent=112581"}],"wp:term":[{"taxonomy":"category","embeddable":true,"href":"https:\/\/archive.sana.sy\/es\/index.php?rest_route=%2Fwp%2Fv2%2Fcategories&post=112581"},{"taxonomy":"post_tag","embeddable":true,"href":"https:\/\/archive.sana.sy\/es\/index.php?rest_route=%2Fwp%2Fv2%2Ftags&post=112581"}],"curies":[{"name":"wp","href":"https:\/\/api.w.org\/{rel}","templated":true}]}}