{"id":11269,"date":"2014-10-20T21:53:59","date_gmt":"2014-10-20T18:53:59","guid":{"rendered":"http:\/\/sanasyria.org\/es\/?p=11269"},"modified":"2014-10-20T21:56:59","modified_gmt":"2014-10-20T18:56:59","slug":"ministro-de-reconciliacion-haremos-todos-los-esfuerzos-para-retornar-los-desplazados-de-al-huseiniya-a-sus-hogares","status":"publish","type":"post","link":"https:\/\/archive.sana.sy\/es\/?p=11269","title":{"rendered":"Ministro de reconciliaci\u00f3n: Haremos todos los esfuerzos para retornar los desplazados de al-Huseiniya a sus hogares"},"content":{"rendered":"<p>Damasco-SANA<\/p>\n<p>El ministro sin cartera para los asuntos de la reconciliaci\u00f3n nacional, Dr. Ali Haidar, afirm\u00f3 durante su encuentro con los vecinos de la localidad de al-Huseiniya en la provincia de Damasco-Campo, que su ministerio no escatimar\u00e1 esfuerzos para que los residentes de Huseiniya regresen a sus casas, en cooperaci\u00f3n con las autoridades competentes, una vez que el ej\u00e9rcito \u00e1rabe sirio restableci\u00f3 la seguridad a dicho poblado.<br \/>\nEl ministro Heidar pidi\u00f3 a varios representantes de esa localidad analizar todas las dificultades y los obst\u00e1culos con el prop\u00f3sito de paliar el padecimiento de las familias desplazadas y poner un plan para acelerar el proceso de retorno lo m\u00e1s pronto posible. Heidar los inst\u00f3 a consolidar la conciliaci\u00f3n nacional dentro de su poblado, aludiendo a que se est\u00e1 trabajando para llegar a conciliaciones en varias zonas, seg\u00fan las condiciones que rigen en cada una de ellas.<\/p>\n<p>Los representantes de las familias de al-Huseiniya, dijeron que desde varios meses se hab\u00eda formado un comit\u00e9 de conciliaci\u00f3n en la localidad, con la finalidad de coordinar el trabajo de retorno de los desplazados. Igualmente manifestaron su disposici\u00f3n a desarrollar un mecanismo para cooperar con las autoridades competentes con el fin de proteger las casas y las propiedades de las agresiones de las organizaciones terroristas armadas, y poner fin al sufrimiento de los desplazados y abordar el tema de los desaparecidos y los detenidos.<\/p>\n<p>Yamil K.<\/p>\n","protected":false},"excerpt":{"rendered":"<p>Damasco-SANA El ministro sin cartera para los asuntos de la reconciliaci\u00f3n nacional, Dr. Ali Haidar, afirm\u00f3 durante su encuentro con los vecinos de la localidad de al-Huseiniya en la provincia de Damasco-Campo, que su ministerio no escatimar\u00e1 esfuerzos para que los residentes de Huseiniya regresen a sus casas, en cooperaci\u00f3n con las autoridades competentes, una &hellip;<\/p>\n","protected":false},"author":1,"featured_media":11270,"comment_status":"closed","ping_status":"closed","sticky":false,"template":"","format":"standard","meta":{"footnotes":""},"categories":[477,476,457],"tags":[],"class_list":["post-11269","post","type-post","status-publish","format-standard","has-post-thumbnail","","category-noticias-edulcorantes","category-locales","category-noticias-arabe-internacional-politica"],"_links":{"self":[{"href":"https:\/\/archive.sana.sy\/es\/index.php?rest_route=\/wp\/v2\/posts\/11269"}],"collection":[{"href":"https:\/\/archive.sana.sy\/es\/index.php?rest_route=\/wp\/v2\/posts"}],"about":[{"href":"https:\/\/archive.sana.sy\/es\/index.php?rest_route=\/wp\/v2\/types\/post"}],"author":[{"embeddable":true,"href":"https:\/\/archive.sana.sy\/es\/index.php?rest_route=\/wp\/v2\/users\/1"}],"replies":[{"embeddable":true,"href":"https:\/\/archive.sana.sy\/es\/index.php?rest_route=%2Fwp%2Fv2%2Fcomments&post=11269"}],"version-history":[{"count":0,"href":"https:\/\/archive.sana.sy\/es\/index.php?rest_route=\/wp\/v2\/posts\/11269\/revisions"}],"wp:featuredmedia":[{"embeddable":true,"href":"https:\/\/archive.sana.sy\/es\/index.php?rest_route=\/wp\/v2\/media\/11270"}],"wp:attachment":[{"href":"https:\/\/archive.sana.sy\/es\/index.php?rest_route=%2Fwp%2Fv2%2Fmedia&parent=11269"}],"wp:term":[{"taxonomy":"category","embeddable":true,"href":"https:\/\/archive.sana.sy\/es\/index.php?rest_route=%2Fwp%2Fv2%2Fcategories&post=11269"},{"taxonomy":"post_tag","embeddable":true,"href":"https:\/\/archive.sana.sy\/es\/index.php?rest_route=%2Fwp%2Fv2%2Ftags&post=11269"}],"curies":[{"name":"wp","href":"https:\/\/api.w.org\/{rel}","templated":true}]}}