{"id":112702,"date":"2019-08-20T15:40:17","date_gmt":"2019-08-20T12:40:17","guid":{"rendered":"https:\/\/sana.sy\/es\/?p=112702"},"modified":"2019-08-20T15:57:14","modified_gmt":"2019-08-20T12:57:14","slug":"el-presidente-al-assad-los-triunfos-logrados-confirman-la-determinacion-por-la-liberacion-del-ultimo-palmo-de-tierra-siria","status":"publish","type":"post","link":"https:\/\/archive.sana.sy\/es\/?p=112702","title":{"rendered":"El presidente al-Assad: los triunfos logrados confirman la determinaci\u00f3n por la liberaci\u00f3n del \u00faltimo palmo de tierra siria"},"content":{"rendered":"<p style=\"text-align: justify;\"><span style=\"color: #800000;\">Damasco, SANA<\/span><\/p>\n<p style=\"text-align: justify;\"><span style=\"font-weight: 400;\">El presidente Bashar al-Assad recibi\u00f3 a una delegaci\u00f3n del partido Rusia Unida encabezada por Dmitri Sablin miembro del Consejo de la Duma rusa.<\/span><\/p>\n<p style=\"text-align: justify;\">Durante el encuentro se pas\u00f3 revista a los desarrollos de la guerra sobre el terrorismo en Siria, al respecto Sablin y su delegaci\u00f3n felicitaron al presidente al-Assad por los triunfos que esta logrando el ej\u00e9rcito \u00e1rabe sirio sobre las organizaciones terroristas especialmente en el campo de Idleb, y expresaron su convicci\u00f3n de que esos triunfos conducir\u00e1n finalmente a la seguridad y la estabilidad en todo el territorio sirio.<\/p>\n<p style=\"text-align: justify;\">Por su parte el presidente al-Assad afirm\u00f3 que los triunfos logrados confirman la determinaci\u00f3n del pueblo y del ej\u00e9rcito a continuar golpeando el terrorismo hasta la liberaci\u00f3n del \u00faltimo palmo de tierra siria a pesar del apoyo continuo que reciben las organizaciones terroristas de poderes occidentales y regionales, principalmente Turqu\u00eda, pues los \u00faltimos combates han desvelado el apoyo claro e ilimitado de Ankara a los terroristas.<\/p>\n<p style=\"text-align: justify;\">As\u00ed tambi\u00e9n se abord\u00f3 el tema de los convenios debatidos durante las anteriores visitas de la delegaci\u00f3n, adem\u00e1s de los proyectos de cooperaci\u00f3n con vista al futuro y los acuerdos firmados entre Siria y Rusia. Se destac\u00f3 la importancia de trabajar continuamente por ampliar la colaboraci\u00f3n en todos los planos inclusive en los \u00e1mbitos social, cient\u00edfico y cultural.<\/p>\n<p style=\"text-align: justify;\">Sablin le puso al presidente Assad al tanto de su gira por algunas provincias sirias y expres\u00f3 sentirse feliz por el retorno de la normalidad all\u00ed.<\/p>\n<p style=\"text-align: justify;\"><span style=\"color: #0000ff;\">Riad Sh.\/ E. Dubian<\/span><\/p>\n<div id='gallery-1' class='gallery galleryid-112702 gallery-columns-1 gallery-size-full'><figure class='gallery-item'>\n\t\t\t<div class='gallery-icon landscape'>\n\t\t\t\t<a href='https:\/\/archive.sana.sy\/es\/wp-content\/uploads\/2019\/08\/55555.jpg'><img loading=\"lazy\" decoding=\"async\" width=\"300\" height=\"172\" src=\"https:\/\/archive.sana.sy\/es\/wp-content\/uploads\/2019\/08\/55555.jpg\" class=\"attachment-full size-full\" alt=\"\" srcset=\"https:\/\/archive.sana.sy\/es\/wp-content\/uploads\/2019\/08\/55555.jpg 300w, https:\/\/archive.sana.sy\/es\/wp-content\/uploads\/2019\/08\/55555-150x86.jpg 150w\" sizes=\"(max-width: 300px) 100vw, 300px\" \/><\/a>\n\t\t\t<\/div><\/figure>\n\t\t<\/div>\n\n","protected":false},"excerpt":{"rendered":"<p>Damasco, SANA El presidente Bashar al-Assad recibi\u00f3 a una delegaci\u00f3n del partido Rusia Unida encabezada por Dmitri Sablin miembro del Consejo de la Duma rusa. Durante el encuentro se pas\u00f3 revista a los desarrollos de la guerra sobre el terrorismo en Siria, al respecto Sablin y su delegaci\u00f3n felicitaron al presidente al-Assad por los triunfos &hellip;<\/p>\n","protected":false},"author":32,"featured_media":112703,"comment_status":"closed","ping_status":"closed","sticky":false,"template":"","format":"standard","meta":{"footnotes":""},"categories":[597,16237,583],"tags":[16241],"class_list":["post-112702","post","type-post","status-publish","format-standard","has-post-thumbnail","","category-cinta-de-noticias","category-presidence-de-la-republique-arabe-syria","category-slide","tag-el-presidente-al-assad-los-triunfos-logrados-confirman-la-determinacion-por-la-liberacion-del-ultimo-palmo-de-tierra-siria"],"_links":{"self":[{"href":"https:\/\/archive.sana.sy\/es\/index.php?rest_route=\/wp\/v2\/posts\/112702"}],"collection":[{"href":"https:\/\/archive.sana.sy\/es\/index.php?rest_route=\/wp\/v2\/posts"}],"about":[{"href":"https:\/\/archive.sana.sy\/es\/index.php?rest_route=\/wp\/v2\/types\/post"}],"author":[{"embeddable":true,"href":"https:\/\/archive.sana.sy\/es\/index.php?rest_route=\/wp\/v2\/users\/32"}],"replies":[{"embeddable":true,"href":"https:\/\/archive.sana.sy\/es\/index.php?rest_route=%2Fwp%2Fv2%2Fcomments&post=112702"}],"version-history":[{"count":0,"href":"https:\/\/archive.sana.sy\/es\/index.php?rest_route=\/wp\/v2\/posts\/112702\/revisions"}],"wp:featuredmedia":[{"embeddable":true,"href":"https:\/\/archive.sana.sy\/es\/index.php?rest_route=\/wp\/v2\/media\/112703"}],"wp:attachment":[{"href":"https:\/\/archive.sana.sy\/es\/index.php?rest_route=%2Fwp%2Fv2%2Fmedia&parent=112702"}],"wp:term":[{"taxonomy":"category","embeddable":true,"href":"https:\/\/archive.sana.sy\/es\/index.php?rest_route=%2Fwp%2Fv2%2Fcategories&post=112702"},{"taxonomy":"post_tag","embeddable":true,"href":"https:\/\/archive.sana.sy\/es\/index.php?rest_route=%2Fwp%2Fv2%2Ftags&post=112702"}],"curies":[{"name":"wp","href":"https:\/\/api.w.org\/{rel}","templated":true}]}}