{"id":113220,"date":"2019-08-26T13:09:38","date_gmt":"2019-08-26T10:09:38","guid":{"rendered":"https:\/\/sana.sy\/es\/?p=113220"},"modified":"2019-08-26T20:18:58","modified_gmt":"2019-08-26T17:18:58","slug":"lavrov-el-terrorismo-en-idleb-debe-ser-erradicado","status":"publish","type":"post","link":"https:\/\/archive.sana.sy\/es\/?p=113220","title":{"rendered":"Lavrov: el terrorismo en Idleb debe ser erradicado"},"content":{"rendered":"<p class=\"m_3644044851194714419ydpff6355ceyiv7587148528msonormal\" style=\"text-align: justify;\"><span style=\"color: #800000;\">Mosc\u00fa, SANA<\/span><\/p>\n<p class=\"m_3644044851194714419ydpff6355ceyiv7587148528msonormal\" style=\"text-align: justify;\">El ministro ruso de Exteriores, Sergei Lavrov, enfatiz\u00f3 que el terrorismo en Idleb debe ser erradicado.<\/p>\n<p class=\"m_3644044851194714419ydpff6355ceyiv7587148528msonormal\" style=\"text-align: justify;\">En una conferencia de prensa con su hom\u00f3logo angole\u00f1o en Mosc\u00fa, Lavrov dijo que &#8220;los planes de la administraci\u00f3n estadounidense en la regi\u00f3n siria de Al-Jazeera apuntan contra la integridad territorial de Siria y constituyen una violaci\u00f3n de la soberan\u00eda siria y del derecho internacional&#8221;.<\/p>\n<p class=\"m_3644044851194714419ydpff6355ceyiv7587148528msonormal\" style=\"text-align: justify;\">&#8220;El apoyo ruso al ej\u00e9rcito sirio en la liberaci\u00f3n de su territorio del terrorismo no constituye una violaci\u00f3n a ning\u00fan entendimiento, incluidos los consensos de Astan\u00e1 y Sochi, porque los acuerdos excluyen a los grupos terroristas&#8221;, dijo Lavrov.<\/p>\n<p style=\"text-align: justify;\"><span style=\"color: #0000ff;\">F. Marouf\/ E. Dubian<\/span><\/p>\n","protected":false},"excerpt":{"rendered":"<p>Mosc\u00fa, SANA El ministro ruso de Exteriores, Sergei Lavrov, enfatiz\u00f3 que el terrorismo en Idleb debe ser erradicado. En una conferencia de prensa con su hom\u00f3logo angole\u00f1o en Mosc\u00fa, Lavrov dijo que &#8220;los planes de la administraci\u00f3n estadounidense en la regi\u00f3n siria de Al-Jazeera apuntan contra la integridad territorial de Siria y constituyen una violaci\u00f3n &hellip;<\/p>\n","protected":false},"author":32,"featured_media":113221,"comment_status":"closed","ping_status":"closed","sticky":false,"template":"","format":"standard","meta":{"footnotes":""},"categories":[597,467,7541],"tags":[16304],"class_list":["post-113220","post","type-post","status-publish","format-standard","has-post-thumbnail","","category-cinta-de-noticias","category-siria-y-el-mundo","category-ultimas-noticias","tag-lavrov-el-terrorismo-en-idleb-debe-ser-erradicado"],"_links":{"self":[{"href":"https:\/\/archive.sana.sy\/es\/index.php?rest_route=\/wp\/v2\/posts\/113220"}],"collection":[{"href":"https:\/\/archive.sana.sy\/es\/index.php?rest_route=\/wp\/v2\/posts"}],"about":[{"href":"https:\/\/archive.sana.sy\/es\/index.php?rest_route=\/wp\/v2\/types\/post"}],"author":[{"embeddable":true,"href":"https:\/\/archive.sana.sy\/es\/index.php?rest_route=\/wp\/v2\/users\/32"}],"replies":[{"embeddable":true,"href":"https:\/\/archive.sana.sy\/es\/index.php?rest_route=%2Fwp%2Fv2%2Fcomments&post=113220"}],"version-history":[{"count":0,"href":"https:\/\/archive.sana.sy\/es\/index.php?rest_route=\/wp\/v2\/posts\/113220\/revisions"}],"wp:featuredmedia":[{"embeddable":true,"href":"https:\/\/archive.sana.sy\/es\/index.php?rest_route=\/wp\/v2\/media\/113221"}],"wp:attachment":[{"href":"https:\/\/archive.sana.sy\/es\/index.php?rest_route=%2Fwp%2Fv2%2Fmedia&parent=113220"}],"wp:term":[{"taxonomy":"category","embeddable":true,"href":"https:\/\/archive.sana.sy\/es\/index.php?rest_route=%2Fwp%2Fv2%2Fcategories&post=113220"},{"taxonomy":"post_tag","embeddable":true,"href":"https:\/\/archive.sana.sy\/es\/index.php?rest_route=%2Fwp%2Fv2%2Ftags&post=113220"}],"curies":[{"name":"wp","href":"https:\/\/api.w.org\/{rel}","templated":true}]}}