{"id":113226,"date":"2019-08-26T16:18:30","date_gmt":"2019-08-26T13:18:30","guid":{"rendered":"https:\/\/sana.sy\/es\/?p=113226"},"modified":"2019-08-26T16:18:30","modified_gmt":"2019-08-26T13:18:30","slug":"peskov-la-responsabilidad-de-la-tension-en-idleb-recae-sobre-turquia","status":"publish","type":"post","link":"https:\/\/archive.sana.sy\/es\/?p=113226","title":{"rendered":"Peskov: la responsabilidad de la tensi\u00f3n en Idleb recae sobre Turqu\u00eda"},"content":{"rendered":"<p class=\"m_1045739824514272236ydp85ea30c2yiv7587148528msonormal\" style=\"text-align: justify;\"><span style=\"color: #800000;\">Mosc\u00fa, SANA<\/span><\/p>\n<p class=\"m_1045739824514272236ydp85ea30c2yiv7587148528msonormal\" style=\"text-align: justify;\">El portavoz del Kremlin, Demitry Peskov, reiter\u00f3 que la responsabilidad de la tensa situaci\u00f3n en Idleb recae en la parte turca, en virtud de los acuerdos de Sochi.<\/p>\n<p class=\"m_1045739824514272236ydp85ea30c2yiv7587148528msonormal\" style=\"text-align: justify;\">En una declaraci\u00f3n a los periodistas, Peskov dijo que las conversaciones del pr\u00f3ximo martes entre el presidente ruso Vladimir Putin y el presidente turco Recep Tayyip Erdogan se centrar\u00e1n en los asuntos sirios, especialmente Idleb.<\/p>\n<p class=\"m_1045739824514272236ydp85ea30c2yiv7587148528msonormal\" style=\"text-align: justify;\">El vocero del Kremlin agreg\u00f3 que Putin est\u00e1 preocupado por el creciente n\u00famero de ataques terroristas lanzados desde Idleb y que no se pueden detener sin eliminar a los terroristas.<\/p>\n<p style=\"text-align: justify;\"><span style=\"color: #0000ff;\">E. Dubian\/ F. Marouf<\/span><\/p>\n","protected":false},"excerpt":{"rendered":"<p>Mosc\u00fa, SANA El portavoz del Kremlin, Demitry Peskov, reiter\u00f3 que la responsabilidad de la tensa situaci\u00f3n en Idleb recae en la parte turca, en virtud de los acuerdos de Sochi. En una declaraci\u00f3n a los periodistas, Peskov dijo que las conversaciones del pr\u00f3ximo martes entre el presidente ruso Vladimir Putin y el presidente turco Recep &hellip;<\/p>\n","protected":false},"author":32,"featured_media":113227,"comment_status":"closed","ping_status":"closed","sticky":false,"template":"","format":"standard","meta":{"footnotes":""},"categories":[597,467,7541],"tags":[16305],"class_list":["post-113226","post","type-post","status-publish","format-standard","has-post-thumbnail","","category-cinta-de-noticias","category-siria-y-el-mundo","category-ultimas-noticias","tag-peskov-la-responsabilidad-de-la-tension-en-idleb-recae-sobre-turquia"],"_links":{"self":[{"href":"https:\/\/archive.sana.sy\/es\/index.php?rest_route=\/wp\/v2\/posts\/113226"}],"collection":[{"href":"https:\/\/archive.sana.sy\/es\/index.php?rest_route=\/wp\/v2\/posts"}],"about":[{"href":"https:\/\/archive.sana.sy\/es\/index.php?rest_route=\/wp\/v2\/types\/post"}],"author":[{"embeddable":true,"href":"https:\/\/archive.sana.sy\/es\/index.php?rest_route=\/wp\/v2\/users\/32"}],"replies":[{"embeddable":true,"href":"https:\/\/archive.sana.sy\/es\/index.php?rest_route=%2Fwp%2Fv2%2Fcomments&post=113226"}],"version-history":[{"count":0,"href":"https:\/\/archive.sana.sy\/es\/index.php?rest_route=\/wp\/v2\/posts\/113226\/revisions"}],"wp:featuredmedia":[{"embeddable":true,"href":"https:\/\/archive.sana.sy\/es\/index.php?rest_route=\/wp\/v2\/media\/113227"}],"wp:attachment":[{"href":"https:\/\/archive.sana.sy\/es\/index.php?rest_route=%2Fwp%2Fv2%2Fmedia&parent=113226"}],"wp:term":[{"taxonomy":"category","embeddable":true,"href":"https:\/\/archive.sana.sy\/es\/index.php?rest_route=%2Fwp%2Fv2%2Fcategories&post=113226"},{"taxonomy":"post_tag","embeddable":true,"href":"https:\/\/archive.sana.sy\/es\/index.php?rest_route=%2Fwp%2Fv2%2Ftags&post=113226"}],"curies":[{"name":"wp","href":"https:\/\/api.w.org\/{rel}","templated":true}]}}