{"id":113233,"date":"2019-08-26T13:08:33","date_gmt":"2019-08-26T10:08:33","guid":{"rendered":"https:\/\/sana.sy\/es\/?p=113233"},"modified":"2023-01-10T15:15:41","modified_gmt":"2023-01-10T13:15:41","slug":"se-celebrara-el-proximo-miercoles-la-primera-conferencia-de-la-camara-de-comercio-conjunta-sirio-irani","status":"publish","type":"post","link":"https:\/\/archive.sana.sy\/es\/?p=113233","title":{"rendered":"C\u00e1mara de Comercio Conjunta Sirio-iran\u00ed celebra su primera reuni\u00f3n en Damasco"},"content":{"rendered":"<p style=\"text-align: justify;\"><span style=\"color: #800000;\">Damasco, SANA<\/span><\/p>\n<p style=\"text-align: justify;\">La primera reuni\u00f3n de la C\u00e1mara de Comercio Conjunta Sirio-iran\u00ed se celebrar\u00e1 este mi\u00e9rcoles, en el hotel &#8220;Ebla Al-Sham\u201d de la capital Damasco.<\/p>\n<p style=\"text-align: justify;\">En la cita, se examinar\u00e1n las formas para desarrollar y promover la cooperaci\u00f3n entre los empresarios de ambos pa\u00edses en los \u00e1mbitos econ\u00f3mico, industrial e inversi\u00f3n.<\/p>\n<p style=\"text-align: justify;\">El vicepresidente de la C\u00e1mara de Comercio Conjunta sirio-iran\u00ed, Fahed Darwish, declar\u00f3 que la reuni\u00f3n constituye una oportunidad para informarse de los proyectos de inversi\u00f3n en ambos pa\u00edses y para intercambiar experiencias entre empresarios sirios e iran\u00edes, adem\u00e1s de alentar a las empresas iran\u00edes para contribuir a la reconstrucci\u00f3n en Siria.<\/p>\n<p style=\"text-align: justify;\"><span style=\"color: #0000ff;\">R. Rashed\/ Y.K.\/ F. Marouf<\/span><\/p>\n","protected":false},"excerpt":{"rendered":"<p>Damasco, SANA La primera reuni\u00f3n de la C\u00e1mara de Comercio Conjunta Sirio-iran\u00ed se celebrar\u00e1 este mi\u00e9rcoles, en el hotel &#8220;Ebla Al-Sham\u201d de la capital Damasco. En la cita, se examinar\u00e1n las formas para desarrollar y promover la cooperaci\u00f3n entre los empresarios de ambos pa\u00edses en los \u00e1mbitos econ\u00f3mico, industrial e inversi\u00f3n. El vicepresidente de la &hellip;<\/p>\n","protected":false},"author":31,"featured_media":113234,"comment_status":"closed","ping_status":"closed","sticky":false,"template":"","format":"standard","meta":{"footnotes":""},"categories":[597,485,7541],"tags":[16312],"class_list":["post-113233","post","type-post","status-publish","format-standard","has-post-thumbnail","","category-cinta-de-noticias","category-informes-negocios-y-finanzas","category-ultimas-noticias","tag-camara-de-comercio-conjunta-sirio-irani-celebra-su-primera-reunion-en-damasco"],"_links":{"self":[{"href":"https:\/\/archive.sana.sy\/es\/index.php?rest_route=\/wp\/v2\/posts\/113233"}],"collection":[{"href":"https:\/\/archive.sana.sy\/es\/index.php?rest_route=\/wp\/v2\/posts"}],"about":[{"href":"https:\/\/archive.sana.sy\/es\/index.php?rest_route=\/wp\/v2\/types\/post"}],"author":[{"embeddable":true,"href":"https:\/\/archive.sana.sy\/es\/index.php?rest_route=\/wp\/v2\/users\/31"}],"replies":[{"embeddable":true,"href":"https:\/\/archive.sana.sy\/es\/index.php?rest_route=%2Fwp%2Fv2%2Fcomments&post=113233"}],"version-history":[{"count":0,"href":"https:\/\/archive.sana.sy\/es\/index.php?rest_route=\/wp\/v2\/posts\/113233\/revisions"}],"wp:featuredmedia":[{"embeddable":true,"href":"https:\/\/archive.sana.sy\/es\/index.php?rest_route=\/wp\/v2\/media\/113234"}],"wp:attachment":[{"href":"https:\/\/archive.sana.sy\/es\/index.php?rest_route=%2Fwp%2Fv2%2Fmedia&parent=113233"}],"wp:term":[{"taxonomy":"category","embeddable":true,"href":"https:\/\/archive.sana.sy\/es\/index.php?rest_route=%2Fwp%2Fv2%2Fcategories&post=113233"},{"taxonomy":"post_tag","embeddable":true,"href":"https:\/\/archive.sana.sy\/es\/index.php?rest_route=%2Fwp%2Fv2%2Ftags&post=113233"}],"curies":[{"name":"wp","href":"https:\/\/api.w.org\/{rel}","templated":true}]}}