{"id":113348,"date":"2019-08-28T09:23:05","date_gmt":"2019-08-28T06:23:05","guid":{"rendered":"https:\/\/sana.sy\/es\/?p=113348"},"modified":"2019-08-28T09:23:10","modified_gmt":"2019-08-28T06:23:10","slug":"boletin-informativo-de-la-agencia-sana-de-las-noticias-del-miercoles-28-de-agosto","status":"publish","type":"post","link":"https:\/\/archive.sana.sy\/es\/?p=113348","title":{"rendered":"Bolet\u00edn Informativo de la agencia SANA de las noticias del mi\u00e9rcoles, 28 de agosto"},"content":{"rendered":"<p style=\"text-align: justify;\"><span style=\"color: #800000;\">Damasco, SANA<\/span><\/p>\n<p style=\"text-align: justify;\">Les ofrecemos a continuaci\u00f3n un resumen de las noticias nacionales e internacionales relativas a Siria y difundidas por nuestra agencia en las \u00faltimas 24 horas:<\/p>\n<p style=\"text-align: justify;\"><span style=\"color: #0000ff;\">Shaaban: la guerra contra Siria pretende destruir su identidad e historia<\/span><\/p>\n<p style=\"text-align: justify;\">La asesora pol\u00edtica y medi\u00e1tica en la Presidencia de la Rep\u00fablica, Bouzeina Shaaban, afirm\u00f3 que la agresi\u00f3n que se inici\u00f3 contra Siria hace nueve a\u00f1os no es solo una guerra militar sino es intelectual e hist\u00f3rica y est\u00e1 destinada a destruir la identidad e historia de Siria.<\/p>\n<p style=\"text-align: justify;\">En una entrevista con la televisi\u00f3n siria, Shaaban se\u00f1al\u00f3 que esta guerra injusta requiere documentar lo que sucedi\u00f3 en todos los niveles.<\/p>\n<p style=\"text-align: justify;\">&#8220;Nuestro primer y m\u00e1s importante proyecto hoy en d\u00eda, es documentar esta guerra, y el objetivo es escribir esa historia con nuestras propias manos y traducirla a todos los idiomas internacionales para que el mundo pueda leer y acceder a la verdad&#8221;, explic\u00f3.<\/p>\n<p style=\"text-align: justify;\">La asesora presidencial agreg\u00f3 que el proyecto \u201cDocumento de la Patria\u201d que presidente, busca revelar todas las mentiras e ilusiones difundidas por los medios de comunicaci\u00f3n occidentales y para que las haza\u00f1as del pueblo sirio sean una piedra angular de la historia de Siria le\u00edda por todas las personas del mundo.<\/p>\n<p style=\"text-align: justify;\">&#8220;Despu\u00e9s de nueve a\u00f1os de guerra amarga, el pueblo sirio demostr\u00f3 al mundo entero que dispone de un alto nivel de conciencia, pertenencia y adhesi\u00f3n a sus principios nacionales&#8221;, enfatiz\u00f3.<\/p>\n<p style=\"text-align: justify;\">La alta funcionaria siria indic\u00f3 que las medidas coercitivas unilaterales impuestas por Estados Unidos contra Siria son ilegales y no tienen credibilidad internacional, y conden\u00f3 las recientes amenazas de Washington a las personalidades que visitar\u00e1n la Feria Internacional de Damasco.<\/p>\n<p style=\"text-align: justify;\">La asesora presidencial confirm\u00f3 que hay un cambio en la actitud popular hacia Siria en muchos pa\u00edses del mundo, excepto los gobiernos de aquellos pa\u00edses que han gastado miles de millones de d\u00f3lares y han apostado por derrocar a Siria, y enfatiz\u00f3 que esos gobiernos cambiar\u00e1n su posici\u00f3n al final.<\/p>\n<p style=\"text-align: justify;\">Shaaban explic\u00f3 que esta etapa requiere trabajar intelectualmente con las personas mediante los di\u00e1logos y escuchar las preocupaciones de las personas e intercambiar puntos de vista con ellas.<\/p>\n<p style=\"text-align: justify;\">La Fundaci\u00f3n \u201cDocumento de la Patria\u201d trabaja como un centro de investigaci\u00f3n que proporciona al gobierno informaci\u00f3n valiosa que sirve a Siria<\/p>\n<p style=\"text-align: justify;\"><span style=\"color: #0000ff;\">Damasco est\u00e1 decidido a poner fin a la presencia ilegal de cualquier fuerza extranjera<\/span><\/p>\n<p style=\"text-align: justify;\">El Ministro Adjunto de Exteriores y Expatriados, Ayman Sousan, ratific\u00f3 la determinaci\u00f3n de los sirios y sus valientes fuerzas armadas de poner fin a la presencia ilegal de cualquier fuerza extranjera y de continuar la lucha hasta la erradicaci\u00f3n definitiva del terrorismo de todo el territorio nacional.<\/p>\n<p style=\"text-align: justify;\">Esa postura fue expresada por Sousan durante su reuni\u00f3n con una delegaci\u00f3n del Comit\u00e9 de Defensa de Siria proveniente de Suecia.<\/p>\n<p style=\"text-align: justify;\">El diplom\u00e1tico sirio advirti\u00f3 a aquellos que apuestan por el apoyo estadounidense para lograr falsas ilusiones, y los llam\u00f3 a actuar con raz\u00f3n y a unirse con sus compatriotas para defender su presente y futuro.<\/p>\n<p style=\"text-align: justify;\">Enfatiz\u00f3 que la unidad, soberan\u00eda e integridad territorial de la Rep\u00fablica \u00c1rabe Siria es lo m\u00e1s sagrado y por ella se ofrecer\u00e1n todos los sacrificios.<\/p>\n<p style=\"text-align: justify;\">Por su parte, los miembros de la delegaci\u00f3n expresaron su orgullo por los logros del ej\u00e9rcito \u00e1rabe sirio y la legendaria firmeza del pueblo sirio frente a la agresi\u00f3n contra Siria.<\/p>\n<p style=\"text-align: justify;\"><span style=\"color: #0000ff;\">EEUU amenaza con sanciones a empresas participantes en la 61\u00aa Feria Internacional de Damasco<\/span><\/p>\n<p style=\"text-align: justify;\">EEUU contin\u00faa con sus pol\u00edticas hostiles contra Siria y los pa\u00edses soberanos mediante la adopci\u00f3n de posturas agresivas e imposici\u00f3n de medidas coercitivas e unilaterales que constituyen una violaci\u00f3n clara al Derecho Internacional.<\/p>\n<p style=\"text-align: justify;\">Como parte de estas medidas ilegales impuestas por EE.UU a los pueblos que resisten sus pol\u00edticas hegem\u00f3nicas, la Embajada de EEUU en Damasco emiti\u00f3 una declaraci\u00f3n en su cuenta de Facebook, en la que se\u00f1al\u00f3 que EEUU \u201cdesaconseja firmemente que empresas e individuales participen en la Feria Internacional de Damasco\u201d.<\/p>\n<p style=\"text-align: justify;\">Agreg\u00f3 que Washington y sus aliados continuar\u00e1n presionando al gobierno sirio y sus partidarios \u201cmediante la imposici\u00f3n de severas sanciones econ\u00f3micas\u201d.<\/p>\n<p style=\"text-align: justify;\">En respuesta a estas amenazas norteamericanas, la Canciller\u00eda rusa destac\u00f3 en un comunicado emitido este martes que \u201clas intenciones de Washington de obstaculizar la Feria Internacional de Damasco contradicen todas las resoluciones de la comunidad internacional sobre Siria\u201d.<\/p>\n<p style=\"text-align: justify;\">Por su parte, el jefe de la diplomacia rusa, Serguei Lavrov, tild\u00f3 de \u201cinadmisibles\u201d las amenazas lanzadas por Washington contra los participantes en la FID.<\/p>\n<p style=\"text-align: justify;\">Esta nueva actitud de Washington demuestra la importancia de este evento en transmitir el inicio de la recuperaci\u00f3n econ\u00f3mica de Siria, puesto que la edici\u00f3n actual de esta feria cuenta con la participaci\u00f3n de 38 pa\u00edses que van a exhibir sus potencialidades en un superficie que supera los 100 mil metros cuadrados, el mayor espacio reservado en toda la historia de la Feria de Damasco.<\/p>\n<p style=\"text-align: justify;\"><span style=\"color: #0000ff;\">Empresas chinas participar\u00e1n en la Feria Internacional de Damasco pese a las amenazas norteamericanas<\/span><\/p>\n<p style=\"text-align: justify;\">El embajador de la Rep\u00fablica Popular Democr\u00e1tica de China ante Damasco, Feng Biao, asever\u00f3 que las amenazas norteamericanas de imponer sanciones a los participantes en la Feria Internacional de Damasco, no impedir\u00e1 a las compa\u00f1\u00edas chinas estar presentes en este evento trascendente.<\/p>\n<p style=\"text-align: justify;\">Entrevistado por SANA, el jefe de la misi\u00f3n diplom\u00e1tica china revel\u00f3 que 58 empresas chinas han confirmado su participaci\u00f3n en la edici\u00f3n actual de la Feria de Damasco.<\/p>\n<p style=\"text-align: justify;\">Estas empresas proveen servicios en distintos campos tales como los equipos y los materiales de construcci\u00f3n, motores, decoraci\u00f3n, energ\u00eda e\u00f3lica y solar, ensamblaje de veh\u00edculo, exportaci\u00f3n, tecnolog\u00eda sofisticada, e industria m\u00e9dica.<\/p>\n<p style=\"text-align: justify;\">Destac\u00f3 que su pa\u00eds desea consolidar la cooperaci\u00f3n con Siria en el marco de la iniciativa de la Franja y la Ruta, y subray\u00f3 que este pa\u00eds \u00e1rabe ha sido antes del 2011 uno de los mercados principales de las inversiones chinas en Oriente Medio, e indic\u00f3 que el volumen de estas inversiones ascendi\u00f3 a dos mil 370 millones de d\u00f3lares estadounidenses.<\/p>\n<p style=\"text-align: justify;\">Esta cifra ha sufrido una ca\u00edda durante la crisis siria, lament\u00f3, informando que en 2018 el volumen del intercambio binancional alcanz\u00f3 mil millones 270 millones de d\u00f3lares.<\/p>\n<p style=\"text-align: justify;\">El embajador Biao reiter\u00f3 la postura de China en apoyo a Siria en su lucha contra el terrorismo y en su b\u00fasqueda a una salida pol\u00edtica de su crisis, y confirm\u00f3 que su pa\u00eds formar\u00e1 parte del proceso de reconstrucci\u00f3n de Siria.<\/p>\n<p style=\"text-align: justify;\"><span style=\"color: #0000ff;\">100 compa\u00f1\u00edas iran\u00edes participar\u00e1n en la 61\u00aa edici\u00f3n de la Feria Internacional de Damasco<\/span><\/p>\n<p style=\"text-align: justify;\">Altos funcionarios iran\u00edes confirmaron que alrededor de 100 compa\u00f1\u00edas persas participar\u00e1n en la 61\u00aa edici\u00f3n de la Feria Internacional de Damasco.<\/p>\n<p style=\"text-align: justify;\">En declaraciones al corresponsal de SANA en Teher\u00e1n, el jefe del Comit\u00e9 Administrativo y el Director General de la Compa\u00f1\u00eda de Ferias Internacionales dependiente del Ministerio de Industria, Minas y Comercio de Ir\u00e1n, Bahman Hosseinzadeh, se\u00f1al\u00f3 que la celebraci\u00f3n de la 61\u00aa edici\u00f3n de la Feria Internacional de Damasco refleja el potencial de Siria y su recuperaci\u00f3n\u201d.<\/p>\n<p style=\"text-align: justify;\">Aclar\u00f3 que su pa\u00eds desea invertir en todos los sectores vitales de Siria, especialmente el de construcci\u00f3n, y agreg\u00f3 que esta feria contribuir\u00e1 a fortalecer las exportaciones entre ambos pa\u00edses amigos.<\/p>\n<p style=\"text-align: justify;\">Por su parte, el director de la Compa\u00f1\u00eda organizadora de las Ferias y Conferencias Internacionales, Mahdi Said Al Zakirin, resalt\u00f3 que la FID es una oportunidad trascendente para las compa\u00f1\u00edas iran\u00edes, revelando que 100 empresas de su pa\u00eds exhibir\u00e1n sus diferentes servicios<\/p>\n<p style=\"text-align: justify;\"><span style=\"color: #0000ff;\">China donar\u00e1 m\u00e1s autobuses para apoyar el sector de transporte p\u00fablico de Siria<\/span><\/p>\n<p style=\"text-align: justify;\">El embajador de China ante Damasco, Feng Biao, anunci\u00f3 que su pa\u00eds donar\u00e1 un nuevo lote de autobuses para apoyar el sector de transporte p\u00fablico en Siria.<\/p>\n<p style=\"text-align: justify;\">El jefe de la misi\u00f3n diplom\u00e1tica china dio a conocer esta informaci\u00f3n durante una reuni\u00f3n con el Director de la Compa\u00f1\u00eda P\u00fablica de Transporte Interno, Samer Haddad.<\/p>\n<p style=\"text-align: justify;\">En este encuentro, el Embajador chino manifest\u00f3 la disposici\u00f3n de su pa\u00eds para ofrecer m\u00e1s apoyo a Siria en todos los \u00e1mbitos, especialmente en el de transporte.<\/p>\n<p style=\"text-align: justify;\">Por su parte, Haddad hizo una panor\u00e1mica sobre el impacto de las acciones terroristas sobre el sector de transporte sirio, agradeciendo la valiosa ayuda prestada por la parte china a este sector.<\/p>\n<p style=\"text-align: justify;\">Acto seguido, el embajador chino dio un recorrido a bordo de uno de los autobuses de transporte p\u00fablico, donde escuch\u00f3 a algunos pasajeros observaciones y sugerencias sobre los autobuses donados por la RPDC.<\/p>\n<p style=\"text-align: justify;\">Los pasajeros agradecieron al pa\u00eds amigo de China por su constante apoyo a Siria en todos los sectores.<\/p>\n<p style=\"text-align: justify;\"><span style=\"color: #0000ff;\">Unas 216 editoriales participar\u00e1n en la Feria Internacional del Libro<\/span><\/p>\n<p style=\"text-align: justify;\">M\u00e1s de 216 editoriales sirias, \u00e1rabes y extrajeras participar\u00e1n en la 30 edici\u00f3n de la Feria Internacional del Libro que comenzar\u00e1 el d\u00eda 12 del pr\u00f3ximo mes de septiembre en la Biblioteca Nacional de Damasco.<\/p>\n<p style=\"text-align: justify;\">El director de la Biblioteca, Iyad Mershed, dijo que la feria este a\u00f1o se organizar\u00e1 sobre una superficie de 20 metros cuadrados y varias editoriales de pa\u00edses \u00e1rabes y extranjeros participar\u00e1n por primera vez.<\/p>\n<p style=\"text-align: justify;\">La edici\u00f3n de este a\u00f1o se efectuar\u00e1 bajo el t\u00edtulo: &#8220;el libro es el pilar de la construcci\u00f3n de la mente&#8221;, y destac\u00f3 que Siria est\u00e1 en una fase sensible en la que se hace necesaria la reconstrucci\u00f3n de la conciencia y de las mentes.<\/p>\n<p style=\"text-align: justify;\">Asimismo, se firmar\u00e1n m\u00e1s de 268 nuevos libros de intelectuales, periodistas y escritores de Siria y el mundo.<\/p>\n<p style=\"text-align: justify;\">Tambi\u00e9n, se organizar\u00e1n al margen de la feria 18 actividades entre seminarios y conferencias sobre todos los aspectos de la cultura, adem\u00e1s de exposiciones especializadas de libros raros, manuscritos y artes pl\u00e1sticas.<\/p>\n<p style=\"text-align: justify;\"><span style=\"color: #0000ff;\">Ej\u00e9rcito contrarresta ataque lanzado por grupos terroristas contra puntos militares en el campo de Idleb<\/span><\/p>\n<p style=\"text-align: justify;\">Unidades del Ej\u00e9rcito sirio lograron contrarrestar una arremetida librada por terroristas del Frente al-Nousra contra puestos militares en el eje de la localidad de Sham al-Hawa en el campo sureste de Idleb.<\/p>\n<p style=\"text-align: justify;\">Confirm\u00f3 que el Ej\u00e9rcito abati\u00f3 a la mayor\u00eda de los integrantes de los grupos terroristas que lanzaron el ataque, as\u00ed como les destruy\u00f3 veh\u00edculos y material b\u00e9lico.<\/p>\n<p style=\"text-align: justify;\">Agreg\u00f3 que la artiller\u00eda del Ej\u00e9rcito asest\u00f3 duros golpes a sedes y agrupaciones de terroristas en los pueblos y las localidades de Ihesem, Safohan, Kafar Oed, Kafar Sayna, Rakaya, Basala, Kafruma, al-Fatira, Haresh Basenkul, Maarat Numan, Hish Maartmater, Kafarnubbul, Abdita, y Kafar Shalaya situados en el campo sure\u00f1o de Idleb.<\/p>\n<p style=\"text-align: justify;\">En este operativo, el Ej\u00e9rcito logr\u00f3 infligir bajas entre las filas de los terroristas y destruirles sedes y veh\u00edculos, resalt\u00f3.<\/p>\n<p style=\"text-align: justify;\"><span style=\"color: #0000ff;\">Putin destaca necesidad de erradicar los focos terroristas de Idleb<\/span><\/p>\n<p style=\"text-align: justify;\">El presidente ruso, Vladimir Putin, reiter\u00f3 la necesidad de eliminar los focos del terrorismo en Idleb, entre otras zonas sirias.<\/p>\n<p style=\"text-align: justify;\">Durante una rueda de prensa conjunta celebrada en Mosc\u00fa con el presidente del r\u00e9gimen turco, Rayab Tayyib Erdogan, el mandatario ruso expres\u00f3 la preocupaci\u00f3n de Rusia por la situaci\u00f3n en la zona de distensi\u00f3n en Idleb, y se\u00f1al\u00f3 que los grupos terroristas desplegados all\u00e1 siguen atacando los puntos militares sirios y las fuerzas rusas que operan en Siria.<\/p>\n<p style=\"text-align: justify;\">Afirm\u00f3 que la zona de distensi\u00f3n no debe convertirse en un refugio para los terroristas y subray\u00f3 la necesidad de adoptar medidas adicionales para erradicar los focos de terrorismo de Idleb y de las dem\u00e1s zonas sirias, todo respetando la soberan\u00eda, seguridad e integridad territorial de Siria.<\/p>\n<p style=\"text-align: justify;\"><span style=\"color: #0000ff;\">Heridos en explosi\u00f3n de una motocicleta bomba en Hassakeh<\/span><\/p>\n<p style=\"text-align: justify;\">Varios ciudadanos resultaron heridos en una explosi\u00f3n en el campo de la provincia nororiental siria de Hassakeh.<\/p>\n<p style=\"text-align: justify;\">&#8220;Una motocicleta bomba explot\u00f3 en la calle principal de la ciudad de Shaddadi al sur de Hassakeh&#8221;, report\u00f3 el corresponsal de SANA.<\/p>\n<p style=\"text-align: justify;\">Agreg\u00f3 que varias personas resultaron heridas.<\/p>\n<p style=\"text-align: justify;\"><span style=\"color: #0000ff;\">Familias sirias acuden a los mercados para la compra de \u00fatiles escolares<\/span><\/p>\n<p style=\"text-align: justify;\">El d\u00eda 2 del pr\u00f3ximo mes de septiembre, comienza el nuevo curso escolar 2019-2020.<\/p>\n<p style=\"text-align: justify;\">Decenas de miles de educadores y millones de ni\u00f1os sirios se dirigir\u00e1n a sus escuelas y centros educativos.<\/p>\n<p style=\"text-align: justify;\">Pocos d\u00edas antes de esa fecha, se llenan los mercados de gente que compra las necesidades de sus hijos para la escuela.<\/p>\n<p style=\"text-align: justify;\"><span style=\"color: #0000ff;\">F. Marouf\/ E. Dubian<\/span><\/p>\n","protected":false},"excerpt":{"rendered":"<p>Damasco, SANA Les ofrecemos a continuaci\u00f3n un resumen de las noticias nacionales e internacionales relativas a Siria y difundidas por nuestra agencia en las \u00faltimas 24 horas: Shaaban: la guerra contra Siria pretende destruir su identidad e historia La asesora pol\u00edtica y medi\u00e1tica en la Presidencia de la Rep\u00fablica, Bouzeina Shaaban, afirm\u00f3 que la agresi\u00f3n &hellip;<\/p>\n","protected":false},"author":32,"featured_media":113262,"comment_status":"closed","ping_status":"closed","sticky":false,"template":"","format":"standard","meta":{"footnotes":""},"categories":[597,476,7541,1],"tags":[16325],"class_list":["post-113348","post","type-post","status-publish","format-standard","has-post-thumbnail","","category-cinta-de-noticias","category-locales","category-ultimas-noticias","category-news-not-sorted","tag-boletin-informativo-de-la-agencia-sana-de-las-noticias-del-miercoles-28-de-agosto"],"_links":{"self":[{"href":"https:\/\/archive.sana.sy\/es\/index.php?rest_route=\/wp\/v2\/posts\/113348"}],"collection":[{"href":"https:\/\/archive.sana.sy\/es\/index.php?rest_route=\/wp\/v2\/posts"}],"about":[{"href":"https:\/\/archive.sana.sy\/es\/index.php?rest_route=\/wp\/v2\/types\/post"}],"author":[{"embeddable":true,"href":"https:\/\/archive.sana.sy\/es\/index.php?rest_route=\/wp\/v2\/users\/32"}],"replies":[{"embeddable":true,"href":"https:\/\/archive.sana.sy\/es\/index.php?rest_route=%2Fwp%2Fv2%2Fcomments&post=113348"}],"version-history":[{"count":0,"href":"https:\/\/archive.sana.sy\/es\/index.php?rest_route=\/wp\/v2\/posts\/113348\/revisions"}],"wp:featuredmedia":[{"embeddable":true,"href":"https:\/\/archive.sana.sy\/es\/index.php?rest_route=\/wp\/v2\/media\/113262"}],"wp:attachment":[{"href":"https:\/\/archive.sana.sy\/es\/index.php?rest_route=%2Fwp%2Fv2%2Fmedia&parent=113348"}],"wp:term":[{"taxonomy":"category","embeddable":true,"href":"https:\/\/archive.sana.sy\/es\/index.php?rest_route=%2Fwp%2Fv2%2Fcategories&post=113348"},{"taxonomy":"post_tag","embeddable":true,"href":"https:\/\/archive.sana.sy\/es\/index.php?rest_route=%2Fwp%2Fv2%2Ftags&post=113348"}],"curies":[{"name":"wp","href":"https:\/\/api.w.org\/{rel}","templated":true}]}}