{"id":113350,"date":"2019-08-28T13:24:04","date_gmt":"2019-08-28T10:24:04","guid":{"rendered":"https:\/\/sana.sy\/es\/?p=113350"},"modified":"2019-08-28T13:27:23","modified_gmt":"2019-08-28T10:27:23","slug":"camara-de-comercio-conjunta-sirio-irani-examina-vias-de-mejorar-la-cooperacion-economica","status":"publish","type":"post","link":"https:\/\/archive.sana.sy\/es\/?p=113350","title":{"rendered":"C\u00e1mara de Comercio Conjunta sirio-iran\u00ed examina v\u00edas de mejorar la cooperaci\u00f3n econ\u00f3mica"},"content":{"rendered":"<p style=\"text-align: justify;\"><span style=\"color: #800000;\">Damasco, SANA<\/span><\/p>\n<p style=\"text-align: justify;\">Los participantes en la reuni\u00f3n preparatoria de la C\u00e1mara de Comercio Conjunta Sirio-iran\u00ed, que se celebr\u00f3 en el Hotel Ebla Al-Sham en Damasco, discutieron las formas de mejorar la cooperaci\u00f3n econ\u00f3mica, industrial y de inversi\u00f3n, y elevar el nivel de intercambio comercial entre Siria e Ir\u00e1n.<\/p>\n<p style=\"text-align: justify;\">El presidente de la C\u00e1mara, Imran Shaaban, inst\u00f3 a crear compa\u00f1\u00edas conjuntas an\u00f3nimas en los diversos campos econ\u00f3micos.<\/p>\n<p style=\"text-align: justify;\">La delegaci\u00f3n iran\u00ed que participa en la reuni\u00f3n incluye representantes de los comit\u00e9s especializados en diversos campos como la electricidad, la construcci\u00f3n, las industrias alimentarias, el cemento, la exportaci\u00f3n de energ\u00eda, los aparatos m\u00e9dicos y electrodom\u00e9sticos, la agricultura, los cultivos y transporte mar\u00edtimo.<\/p>\n<p style=\"text-align: justify;\">Asimismo, fue estudiada la propuesta de establecer un banco de datos sobre los actores econ\u00f3micos de ambos pa\u00edses interesados \u200b\u200ben establecer relaciones, intercambiar experiencia y acelerar el ritmo del intercambio comercial entre Ir\u00e1n y Siria.<\/p>\n<p style=\"text-align: justify;\">El ministro de Comercio Interior y Protecci\u00f3n del Consumidor, Atef Naddaf, subray\u00f3 la necesidad de desarrollar las relaciones econ\u00f3micas sirio-iran\u00edes y mejorarlas al nivel de las relaciones estrat\u00e9gicas entre las dos naciones.<\/p>\n<p style=\"text-align: justify;\">Pidi\u00f3 intensificar la cooperaci\u00f3n a trav\u00e9s de la c\u00e1mara de comercio conjunta para superar las dificultades resultantes de las sanciones unilaterales y las medidas coercitivas impuestas a ambos pa\u00edses.<\/p>\n<p style=\"text-align: justify;\"><span style=\"color: #0000ff;\">F. Marouf\/ E. Dubian<\/span><\/p>\n","protected":false},"excerpt":{"rendered":"<p>Damasco, SANA Los participantes en la reuni\u00f3n preparatoria de la C\u00e1mara de Comercio Conjunta Sirio-iran\u00ed, que se celebr\u00f3 en el Hotel Ebla Al-Sham en Damasco, discutieron las formas de mejorar la cooperaci\u00f3n econ\u00f3mica, industrial y de inversi\u00f3n, y elevar el nivel de intercambio comercial entre Siria e Ir\u00e1n. El presidente de la C\u00e1mara, Imran Shaaban, &hellip;<\/p>\n","protected":false},"author":32,"featured_media":113351,"comment_status":"closed","ping_status":"closed","sticky":false,"template":"","format":"standard","meta":{"footnotes":""},"categories":[597,476,7541],"tags":[16326],"class_list":["post-113350","post","type-post","status-publish","format-standard","has-post-thumbnail","","category-cinta-de-noticias","category-locales","category-ultimas-noticias","tag-camara-de-comercio-conjunta-sirio-irani-examina-vias-de-mejorar-la-cooperacion-economica"],"_links":{"self":[{"href":"https:\/\/archive.sana.sy\/es\/index.php?rest_route=\/wp\/v2\/posts\/113350"}],"collection":[{"href":"https:\/\/archive.sana.sy\/es\/index.php?rest_route=\/wp\/v2\/posts"}],"about":[{"href":"https:\/\/archive.sana.sy\/es\/index.php?rest_route=\/wp\/v2\/types\/post"}],"author":[{"embeddable":true,"href":"https:\/\/archive.sana.sy\/es\/index.php?rest_route=\/wp\/v2\/users\/32"}],"replies":[{"embeddable":true,"href":"https:\/\/archive.sana.sy\/es\/index.php?rest_route=%2Fwp%2Fv2%2Fcomments&post=113350"}],"version-history":[{"count":0,"href":"https:\/\/archive.sana.sy\/es\/index.php?rest_route=\/wp\/v2\/posts\/113350\/revisions"}],"wp:featuredmedia":[{"embeddable":true,"href":"https:\/\/archive.sana.sy\/es\/index.php?rest_route=\/wp\/v2\/media\/113351"}],"wp:attachment":[{"href":"https:\/\/archive.sana.sy\/es\/index.php?rest_route=%2Fwp%2Fv2%2Fmedia&parent=113350"}],"wp:term":[{"taxonomy":"category","embeddable":true,"href":"https:\/\/archive.sana.sy\/es\/index.php?rest_route=%2Fwp%2Fv2%2Fcategories&post=113350"},{"taxonomy":"post_tag","embeddable":true,"href":"https:\/\/archive.sana.sy\/es\/index.php?rest_route=%2Fwp%2Fv2%2Ftags&post=113350"}],"curies":[{"name":"wp","href":"https:\/\/api.w.org\/{rel}","templated":true}]}}