{"id":113353,"date":"2019-08-28T13:40:14","date_gmt":"2019-08-28T10:40:14","guid":{"rendered":"https:\/\/sana.sy\/es\/?p=113353"},"modified":"2019-08-28T21:35:45","modified_gmt":"2019-08-28T18:35:45","slug":"continuan-obras-de-rehabilitacion-de-la-carretera-entre-palmira-y-deir-ezzor-fotos","status":"publish","type":"post","link":"https:\/\/archive.sana.sy\/es\/?p=113353","title":{"rendered":"Contin\u00faan obras de rehabilitaci\u00f3n de la carretera entre Palmira y Deir Ezzor (Fotos)"},"content":{"rendered":"<p style=\"text-align: justify;\"><span style=\"color: #800000;\">Palmira, SANA<\/span><\/p>\n<p style=\"text-align: justify;\">La sucursal de la Empresa de Transporte Vial en Homs est\u00e1 a punto de terminar el proyecto de mantenimiento de la carretera entre las ciudades de Palmira y Deir Ezzor en la regi\u00f3n oriental del pa\u00eds.<\/p>\n<p style=\"text-align: justify;\">Mohammed Ali, director de la sucursal, inform\u00f3 que la carretera sufri\u00f3 da\u00f1os en varios lugares debido a los ataques de los terroristas del Daesh, y ya se complet\u00f3 la rehabilitaci\u00f3n de los puentes destruidos.<\/p>\n<p style=\"text-align: justify;\">Esta carretera es una arteria importante que une las regiones Costera, Sur y Oriental del pa\u00eds, y su reparaci\u00f3n aumentar\u00eda la circulaci\u00f3n de veh\u00edculos y contribuir\u00eda al desarrollo econ\u00f3mico, y adem\u00e1s permite que las personas desplazadas vuelvan a sus hogares en las zonas liberadas por el ej\u00e9rcito \u00e1rabe sirio.<\/p>\n<p style=\"text-align: justify;\"><span style=\"color: #0000ff;\">F. Marouf\/ E. Dubian<\/span><\/p>\n<div id='gallery-1' class='gallery galleryid-113353 gallery-columns-1 gallery-size-full'><figure class='gallery-item'>\n\t\t\t<div class='gallery-icon landscape'>\n\t\t\t\t<a href='https:\/\/archive.sana.sy\/es\/wp-content\/uploads\/2019\/08\/6-196.jpg'><img loading=\"lazy\" decoding=\"async\" width=\"3543\" height=\"2042\" src=\"https:\/\/archive.sana.sy\/es\/wp-content\/uploads\/2019\/08\/6-196.jpg\" class=\"attachment-full size-full\" alt=\"\" srcset=\"https:\/\/archive.sana.sy\/es\/wp-content\/uploads\/2019\/08\/6-196.jpg 3543w, https:\/\/archive.sana.sy\/es\/wp-content\/uploads\/2019\/08\/6-196-150x86.jpg 150w, https:\/\/archive.sana.sy\/es\/wp-content\/uploads\/2019\/08\/6-196-300x173.jpg 300w, https:\/\/archive.sana.sy\/es\/wp-content\/uploads\/2019\/08\/6-196-768x443.jpg 768w, https:\/\/archive.sana.sy\/es\/wp-content\/uploads\/2019\/08\/6-196-1024x590.jpg 1024w\" sizes=\"(max-width: 3543px) 100vw, 3543px\" \/><\/a>\n\t\t\t<\/div><\/figure><figure class='gallery-item'>\n\t\t\t<div class='gallery-icon landscape'>\n\t\t\t\t<a href='https:\/\/archive.sana.sy\/es\/wp-content\/uploads\/2019\/08\/7-167.jpg'><img loading=\"lazy\" decoding=\"async\" width=\"3543\" height=\"1993\" src=\"https:\/\/archive.sana.sy\/es\/wp-content\/uploads\/2019\/08\/7-167.jpg\" class=\"attachment-full size-full\" alt=\"\" srcset=\"https:\/\/archive.sana.sy\/es\/wp-content\/uploads\/2019\/08\/7-167.jpg 3543w, https:\/\/archive.sana.sy\/es\/wp-content\/uploads\/2019\/08\/7-167-150x84.jpg 150w, https:\/\/archive.sana.sy\/es\/wp-content\/uploads\/2019\/08\/7-167-300x169.jpg 300w, https:\/\/archive.sana.sy\/es\/wp-content\/uploads\/2019\/08\/7-167-768x432.jpg 768w, https:\/\/archive.sana.sy\/es\/wp-content\/uploads\/2019\/08\/7-167-1024x576.jpg 1024w\" sizes=\"(max-width: 3543px) 100vw, 3543px\" \/><\/a>\n\t\t\t<\/div><\/figure><figure class='gallery-item'>\n\t\t\t<div class='gallery-icon landscape'>\n\t\t\t\t<a href='https:\/\/archive.sana.sy\/es\/wp-content\/uploads\/2019\/08\/8-148.jpg'><img loading=\"lazy\" decoding=\"async\" width=\"3543\" height=\"1993\" src=\"https:\/\/archive.sana.sy\/es\/wp-content\/uploads\/2019\/08\/8-148.jpg\" class=\"attachment-full size-full\" alt=\"\" srcset=\"https:\/\/archive.sana.sy\/es\/wp-content\/uploads\/2019\/08\/8-148.jpg 3543w, https:\/\/archive.sana.sy\/es\/wp-content\/uploads\/2019\/08\/8-148-150x84.jpg 150w, https:\/\/archive.sana.sy\/es\/wp-content\/uploads\/2019\/08\/8-148-300x169.jpg 300w, https:\/\/archive.sana.sy\/es\/wp-content\/uploads\/2019\/08\/8-148-768x432.jpg 768w, https:\/\/archive.sana.sy\/es\/wp-content\/uploads\/2019\/08\/8-148-1024x576.jpg 1024w\" sizes=\"(max-width: 3543px) 100vw, 3543px\" \/><\/a>\n\t\t\t<\/div><\/figure><figure class='gallery-item'>\n\t\t\t<div class='gallery-icon landscape'>\n\t\t\t\t<a href='https:\/\/archive.sana.sy\/es\/wp-content\/uploads\/2019\/08\/9-119.jpg'><img loading=\"lazy\" decoding=\"async\" width=\"3543\" height=\"1993\" src=\"https:\/\/archive.sana.sy\/es\/wp-content\/uploads\/2019\/08\/9-119.jpg\" class=\"attachment-full size-full\" alt=\"\" srcset=\"https:\/\/archive.sana.sy\/es\/wp-content\/uploads\/2019\/08\/9-119.jpg 3543w, https:\/\/archive.sana.sy\/es\/wp-content\/uploads\/2019\/08\/9-119-150x84.jpg 150w, https:\/\/archive.sana.sy\/es\/wp-content\/uploads\/2019\/08\/9-119-300x169.jpg 300w, https:\/\/archive.sana.sy\/es\/wp-content\/uploads\/2019\/08\/9-119-768x432.jpg 768w, https:\/\/archive.sana.sy\/es\/wp-content\/uploads\/2019\/08\/9-119-1024x576.jpg 1024w\" sizes=\"(max-width: 3543px) 100vw, 3543px\" \/><\/a>\n\t\t\t<\/div><\/figure><figure class='gallery-item'>\n\t\t\t<div class='gallery-icon landscape'>\n\t\t\t\t<a href='https:\/\/archive.sana.sy\/es\/wp-content\/uploads\/2019\/08\/10-123.jpg'><img loading=\"lazy\" decoding=\"async\" width=\"3543\" height=\"1993\" src=\"https:\/\/archive.sana.sy\/es\/wp-content\/uploads\/2019\/08\/10-123.jpg\" class=\"attachment-full size-full\" alt=\"\" srcset=\"https:\/\/archive.sana.sy\/es\/wp-content\/uploads\/2019\/08\/10-123.jpg 3543w, https:\/\/archive.sana.sy\/es\/wp-content\/uploads\/2019\/08\/10-123-150x84.jpg 150w, https:\/\/archive.sana.sy\/es\/wp-content\/uploads\/2019\/08\/10-123-300x169.jpg 300w, https:\/\/archive.sana.sy\/es\/wp-content\/uploads\/2019\/08\/10-123-768x432.jpg 768w, https:\/\/archive.sana.sy\/es\/wp-content\/uploads\/2019\/08\/10-123-1024x576.jpg 1024w\" sizes=\"(max-width: 3543px) 100vw, 3543px\" \/><\/a>\n\t\t\t<\/div><\/figure><figure class='gallery-item'>\n\t\t\t<div class='gallery-icon landscape'>\n\t\t\t\t<a href='https:\/\/archive.sana.sy\/es\/wp-content\/uploads\/2019\/08\/22.jpg'><img loading=\"lazy\" decoding=\"async\" width=\"660\" height=\"370\" src=\"https:\/\/archive.sana.sy\/es\/wp-content\/uploads\/2019\/08\/22.jpg\" class=\"attachment-full size-full\" alt=\"\" srcset=\"https:\/\/archive.sana.sy\/es\/wp-content\/uploads\/2019\/08\/22.jpg 660w, https:\/\/archive.sana.sy\/es\/wp-content\/uploads\/2019\/08\/22-150x84.jpg 150w, https:\/\/archive.sana.sy\/es\/wp-content\/uploads\/2019\/08\/22-300x168.jpg 300w\" sizes=\"(max-width: 660px) 100vw, 660px\" \/><\/a>\n\t\t\t<\/div><\/figure><figure class='gallery-item'>\n\t\t\t<div class='gallery-icon landscape'>\n\t\t\t\t<a href='https:\/\/archive.sana.sy\/es\/wp-content\/uploads\/2019\/08\/paaaaa-1.jpg'><img loading=\"lazy\" decoding=\"async\" width=\"660\" height=\"330\" src=\"https:\/\/archive.sana.sy\/es\/wp-content\/uploads\/2019\/08\/paaaaa-1.jpg\" class=\"attachment-full size-full\" alt=\"\" srcset=\"https:\/\/archive.sana.sy\/es\/wp-content\/uploads\/2019\/08\/paaaaa-1.jpg 660w, https:\/\/archive.sana.sy\/es\/wp-content\/uploads\/2019\/08\/paaaaa-1-150x75.jpg 150w, https:\/\/archive.sana.sy\/es\/wp-content\/uploads\/2019\/08\/paaaaa-1-300x150.jpg 300w\" sizes=\"(max-width: 660px) 100vw, 660px\" \/><\/a>\n\t\t\t<\/div><\/figure>\n\t\t<\/div>\n\n","protected":false},"excerpt":{"rendered":"<p>Palmira, SANA La sucursal de la Empresa de Transporte Vial en Homs est\u00e1 a punto de terminar el proyecto de mantenimiento de la carretera entre las ciudades de Palmira y Deir Ezzor en la regi\u00f3n oriental del pa\u00eds. Mohammed Ali, director de la sucursal, inform\u00f3 que la carretera sufri\u00f3 da\u00f1os en varios lugares debido a &hellip;<\/p>\n","protected":false},"author":32,"featured_media":113354,"comment_status":"closed","ping_status":"closed","sticky":false,"template":"","format":"standard","meta":{"footnotes":""},"categories":[597,476,7541],"tags":[16327],"class_list":["post-113353","post","type-post","status-publish","format-standard","has-post-thumbnail","","category-cinta-de-noticias","category-locales","category-ultimas-noticias","tag-continuan-obras-de-rehabilitacion-de-la-carretera-entre-palmira-y-deir-ezzor-fotos"],"_links":{"self":[{"href":"https:\/\/archive.sana.sy\/es\/index.php?rest_route=\/wp\/v2\/posts\/113353"}],"collection":[{"href":"https:\/\/archive.sana.sy\/es\/index.php?rest_route=\/wp\/v2\/posts"}],"about":[{"href":"https:\/\/archive.sana.sy\/es\/index.php?rest_route=\/wp\/v2\/types\/post"}],"author":[{"embeddable":true,"href":"https:\/\/archive.sana.sy\/es\/index.php?rest_route=\/wp\/v2\/users\/32"}],"replies":[{"embeddable":true,"href":"https:\/\/archive.sana.sy\/es\/index.php?rest_route=%2Fwp%2Fv2%2Fcomments&post=113353"}],"version-history":[{"count":0,"href":"https:\/\/archive.sana.sy\/es\/index.php?rest_route=\/wp\/v2\/posts\/113353\/revisions"}],"wp:featuredmedia":[{"embeddable":true,"href":"https:\/\/archive.sana.sy\/es\/index.php?rest_route=\/wp\/v2\/media\/113354"}],"wp:attachment":[{"href":"https:\/\/archive.sana.sy\/es\/index.php?rest_route=%2Fwp%2Fv2%2Fmedia&parent=113353"}],"wp:term":[{"taxonomy":"category","embeddable":true,"href":"https:\/\/archive.sana.sy\/es\/index.php?rest_route=%2Fwp%2Fv2%2Fcategories&post=113353"},{"taxonomy":"post_tag","embeddable":true,"href":"https:\/\/archive.sana.sy\/es\/index.php?rest_route=%2Fwp%2Fv2%2Ftags&post=113353"}],"curies":[{"name":"wp","href":"https:\/\/api.w.org\/{rel}","templated":true}]}}