{"id":113425,"date":"2019-08-29T09:24:04","date_gmt":"2019-08-29T06:24:04","guid":{"rendered":"https:\/\/sana.sy\/es\/?p=113425"},"modified":"2019-08-29T09:24:04","modified_gmt":"2019-08-29T06:24:04","slug":"boletin-informativo-de-la-agencia-sana-de-las-noticias-del-jueves-29-de-agosto","status":"publish","type":"post","link":"https:\/\/archive.sana.sy\/es\/?p=113425","title":{"rendered":"Bolet\u00edn Informativo de la agencia SANA de las noticias del jueves, 29 de agosto"},"content":{"rendered":"<p style=\"text-align: justify;\"><span style=\"color: #800000;\">Damasco, SANA<\/span><\/p>\n<p style=\"text-align: justify;\">Les ofrecemos a continuaci\u00f3n un resumen de las noticias nacionales e internacionales relativas a Siria y difundidas por nuestra agencia en las \u00faltimas 24 horas:<\/p>\n<p style=\"text-align: justify;\"><span style=\"color: #0000ff;\">Bajo auspicios del presidente Al-Assad, el Primer Ministro inaugura 61\u00aa edici\u00f3n de la Feria Internacional de Damasco<\/span><\/p>\n<p style=\"text-align: justify;\">Representando al presidente Bashar al-Assad, el primer ministro, Imad khamis, inaugur\u00f3 la 61\u00aa edici\u00f3n de la Feria Internacional de Damasco.<\/p>\n<p style=\"text-align: justify;\">En unas palabras pronunciadas en el acto inaugural, Khamis dio la bienvenida, en nombre del presidente, a los invitados de Siria, y afirm\u00f3 que la Feria Internacional de Damasco vuelve hoy en d\u00eda a cumplir su mensaje econ\u00f3mico y social, as\u00ed como su papel de enlace entre el Este y el Oeste, y de puente para el intercambio comercial y la cooperaci\u00f3n en materia de inversi\u00f3n y cultura entre los pueblos libres.<\/p>\n<p style=\"text-align: justify;\">El jefe del gabinete se\u00f1al\u00f3 que los esfuerzos para poner l\u00edmite a las codicias for\u00e1neas y de hacer frente a los esquemas sospechosos orquestados contra Siria requieren la construcci\u00f3n de una red amplia de relaciones econ\u00f3micas que sirven los intereses de los pueblos de la regi\u00f3n y el mundo.<\/p>\n<p style=\"text-align: justify;\">Subray\u00f3 que Siria da la bienvenida a cualquier proyecto econ\u00f3mico, especialmente que la misma se prepara para la fase de reconstrucci\u00f3n y goza de llamativas oportunidades de inversi\u00f3n apoyadas por intensos empe\u00f1os gubernamentales encaminados a proveer un ambiente legislativo y administrativo que aliente las inversiones tanto locales como extranjeras.<\/p>\n<p style=\"text-align: justify;\">El presidente del gobierno enfatiz\u00f3 que Siria siente orgullo por los sacrificios y las victorias de sus fuerzas armadas logradas sobre el terrorismo a lo largo de nueve a\u00f1os, y resalt\u00f3 que Siria libra con m\u00e1s fuerza y fe la batalla de la liberaci\u00f3n de la provincia de Idleb que la convirti\u00f3 la alianza norteamericana-turca en un refugio de todos los terroristas del mundo y un foco de las organizaciones takfiristas con el fin de desestabilizar y dividir la regi\u00f3n y saquear los recursos y riquezas de sus pa\u00edses.<\/p>\n<p style=\"text-align: justify;\">Reiter\u00f3 que Siria tiene fe en su victoria definitiva sobre el terrorismo, y asever\u00f3 que \u201csi el terrorismo ha logrado saquear una f\u00e1brica aqu\u00ed o destruir una instalaci\u00f3n all\u00e1, nunca ha logrado robarnos la esperanza\u201d.<\/p>\n<p style=\"text-align: justify;\">Asimismo, denunci\u00f3 que la guerra que sufre Siria no s\u00f3lo tiene un car\u00e1cter militar y pol\u00edtico, sino tambi\u00e9n un car\u00e1cter econ\u00f3mico, y a\u00f1adi\u00f3 que la Feria Internacional de Damasco es una de las manifestaciones de la resistencia econ\u00f3mica de la poblaci\u00f3n siria.<\/p>\n<p style=\"text-align: justify;\">Concluy\u00f3 que la pr\u00f3xima feria de Damasco se celebrar\u00e1 con la bandera siria izada sobre cada \u00e1pice del territorio sirio sagrado.<\/p>\n<p style=\"text-align: justify;\">La feria se celebra bajo el lema \u201cDe Damasco al Mundo\u201d y cuenta con la participaci\u00f3n de 38 pa\u00edses, y al menos 1700 empresas locales y extranjeras.<\/p>\n<p style=\"text-align: justify;\">Es de recordar que la primera edici\u00f3n de la FID se celebr\u00f3 en 1954 y dur\u00f3 un mes completo, y por el gran \u00e9xito que tuvo, se decidi\u00f3 que se celebrara de forma permanente.<\/p>\n<p style=\"text-align: justify;\"><span style=\"color: #0000ff;\">Irak rechaza amenazas de EEUU contra participantes en la Feria Internacional de Damasco<\/span><\/p>\n<p style=\"text-align: justify;\">La delegaci\u00f3n de periodistas iraqu\u00edes participantes en la Feria Internacional de Damasco emiti\u00f3 un comunicado en el que se\u00f1al\u00f3 que las amenazas de Washington de imponer sanciones a las partes participantes en la 61\u00aa edici\u00f3n de la Feria Internacional de Damasco demuestra el fracaso de la agresi\u00f3n estadounidense-sionista y occidental, y de todos los intentos de utilizar a los grupos terroristas y mercenarios para socavar la seguridad y la integridad territorial de Siria.<\/p>\n<p style=\"text-align: justify;\">\u201cEsta amenaza no afectar\u00e1 ni influir\u00e1 sobre la comunidad internacional que es consciente de que Siria es la cuna de las civilizaciones y un s\u00edmbolo de la soberan\u00eda nacional y la decisi\u00f3n nacional independiente\u201d, destac\u00f3 el comunicado.<\/p>\n<p style=\"text-align: justify;\">Elogi\u00f3 la amplia participaci\u00f3n de pa\u00edses y empresas de diferentes rincones del mundo en este evento damasceno, y concluy\u00f3 dirigiendo un saludo al pueblo sirio que combate el terrorismo con un brazo, y produce y difunde el amor con el otro brazo.<\/p>\n<p style=\"text-align: justify;\"><span style=\"color: #0000ff;\">Primera conferencia de la C\u00e1mara conjunta de Comercio Sirio-iran\u00ed concluye sus reuniones<\/span><\/p>\n<p style=\"text-align: justify;\">La primera conferencia de la C\u00e1mara de Comercio sirio-iran\u00ed conjunta concluy\u00f3 sus actividades en Damasco con un llamamiento a elevar las relaciones econ\u00f3micas a su mayor nivel entre Siria e Ir\u00e1n.<\/p>\n<p style=\"text-align: justify;\">Los participantes en este evento destacaron la necesidad de desarrollar el acuerdo de libre comercio firmado en 2011 con el fin de impulsar el inter-comercio.<\/p>\n<p style=\"text-align: justify;\">Asimismo, plantearon distintas propuestas para fortalecer la cooperaci\u00f3n comercial tales como la creaci\u00f3n de un banco comercial conjunto que financia el intercambio comercial entre Siria e Ir\u00e1n con monedas nacionales de ambos pa\u00edses, y el establecimiento de ferias para los productos nacionales en ambos pa\u00edses.<\/p>\n<p style=\"text-align: justify;\">El ministro de Econom\u00eda y Comercio Exterior, Mohamad Samer al-Khalil subray\u00f3 la necesidad de elaborar un acuerdo estrat\u00e9gico a largo plazo para promover el intercambio comercial que atestigu\u00f3 un aumento notable en 2015.<\/p>\n<p style=\"text-align: justify;\">Por su parte, el ministro de Carreteras y Viviendas de Ir\u00e1n, Mohamad Eslami, destac\u00f3 la importancia de la Feria Internacional de Damasco en actualizar a los empresarios iran\u00edes con las oportunidades de inversi\u00f3n en Siria, y asever\u00f3 que el gobierno iran\u00ed desea que Siria priorice a las compa\u00f1\u00edas iran\u00edes en el proceso de reconstrucci\u00f3n.<\/p>\n<p style=\"text-align: justify;\">El asesor del primer vicepresidente de Ir\u00e1n, presidente del Comit\u00e9 del Desarrollo de las Relaciones Econ\u00f3micas entre Siria, Ir\u00e1n e Irak, llam\u00f3 a elevar las relaciones comerciales entre Siria e Ir\u00e1n al nivel de la cooperaci\u00f3n pol\u00edtica, as\u00ed como instalar empresas sirias iran\u00edes en los diferentes sectores.<\/p>\n<p style=\"text-align: justify;\"><span style=\"color: #0000ff;\">Alta delegaci\u00f3n iran\u00ed examina con ministros sirios la cooperaci\u00f3n binacional en varios \u00e1mbitos<\/span><\/p>\n<p style=\"text-align: justify;\">Una delegaci\u00f3n iran\u00ed, encabezada por el ministro de Carreteras y Desarrollo Urbano de Ir\u00e1n, Mohamad Esalmi, se reuni\u00f3 con varios ministros sirios, por separado, para debatir las v\u00edas de impulsar la cooperaci\u00f3n binacional en materia de comercio, viviendas, transporte y reconstrucci\u00f3n.<\/p>\n<p style=\"text-align: justify;\">En este contexto, el ministro de Econom\u00eda y Comercio Exterior, Samer al-Khalil, recibi\u00f3 a la delegaci\u00f3n iran\u00ed en la sede del Ministerio, donde examin\u00f3 con la misma los mecanismos de fortalecer el intercambio comercial y ampliar las inversiones conjuntas.<\/p>\n<p style=\"text-align: justify;\">Los reunidos plantearon varias sugerencias para impulsar el intercambio comercial tales como la extensi\u00f3n de un ferrocarril entre Siria e Ir\u00e1n, la reapertura de los pasos fronterizos entre Siria e Irak, la creaci\u00f3n de un comit\u00e9 sirio-iran\u00ed-iraqu\u00ed conjunto para supervisar la protecci\u00f3n de las cargas entre ambas naciones.<\/p>\n<p style=\"text-align: justify;\">Por su parte, el ministro iran\u00ed expres\u00f3 el deseo de su pa\u00eds en incrementar el intercomercio, se\u00f1alando que la Feria Internacional de Damasco es una importante oportunidad que permitir\u00e1 a los empresarios iran\u00edes explorar los requisitos del mercado sirio.<\/p>\n<p style=\"text-align: justify;\">En el mismo marco, el ministro de Obras P\u00fablicas y Viviendas, Suheil Abdulatif, abord\u00f3 con el ministro iran\u00ed la cooperaci\u00f3n en materia de la reconstrucci\u00f3n, la edificaci\u00f3n de viviendas y la infraestructura.<\/p>\n<p style=\"text-align: justify;\">El ministro Abdulatif destac\u00f3 la importancia de crear un comit\u00e9 de trabajo sirio para reactivar el memor\u00e1ndum de entendimiento firmado con la parte iran\u00ed en el \u00e1mbito de obras p\u00fablicas y viviendas.<\/p>\n<p style=\"text-align: justify;\">A su vez, el ministro persa revel\u00f3 que pronto se crear\u00e1n empresas mixtas, adem\u00e1s de firmar un memor\u00e1ndum de entendimiento entre las Bolsas de Siria y de Ir\u00e1n para financiar varios proyectos id\u00f3neos en el campo de la construcci\u00f3n de ciudades industriales.<\/p>\n<p style=\"text-align: justify;\">Asimismo, el ministro de Transporte, Ali Hamud, examin\u00f3 con la delegaci\u00f3n iran\u00ed la cooperaci\u00f3n en materia del transporte terrestre, mar\u00edtimo y a\u00e9reo.<\/p>\n<p style=\"text-align: justify;\">El ministro Hamud expres\u00f3 la importancia de extender lo antes posible una v\u00eda terrestre y f\u00e9rrea entre Siria e Ir\u00e1n para facilitar el flujo de las mercanc\u00edas entre ambas naciones.<\/p>\n<p style=\"text-align: justify;\">El ministro iran\u00ed expres\u00f3 la disposici\u00f3n de su pa\u00eds para llevar a cabo todos los proyectos acordados con la parte siria a la mayor brevedad posible.<\/p>\n<p style=\"text-align: justify;\">Los encuentros contaron con la asistencia del Embajador de Ir\u00e1n ante Siria y el Embajador de Siria ante Teher\u00e1n.<\/p>\n<p style=\"text-align: justify;\"><span style=\"color: #0000ff;\">Gran Muft\u00ed Hassoun recibe a una delegaci\u00f3n parlamentaria europea<\/span><\/p>\n<p style=\"text-align: justify;\">El gran Muft\u00ed de la Rep\u00fablica \u00c1rabe Siria, Ahmad Baderaddin Hassoun, recibi\u00f3 a una delegaci\u00f3n del Parlamento Europeo, encabezada por el diputado Thierry Mariani, miembro de la Comisi\u00f3n de Asuntos Exteriores de la Asamblea Nacional de Francia.<\/p>\n<p style=\"text-align: justify;\">Hassoun resalt\u00f3 que el valioso pueblo sirio se ha enfrentado al terrorismo en defensa de su existencia, soberan\u00eda, independencia y de la paz mundial.<\/p>\n<p style=\"text-align: justify;\">Dirigi\u00f3 un llamado a la delegaci\u00f3n europea para transmitir a sus pueblos la verdadera imagen de lo que est\u00e1 sucediendo en Siria para rebatir las falsas noticias difundidas por los medios de comunicaci\u00f3n tendenciosos.<\/p>\n<p style=\"text-align: justify;\">Advirti\u00f3 sobre el apoyo prestado por algunos pa\u00edses occidentales a las ideolog\u00edas extremistas.<\/p>\n<p style=\"text-align: justify;\">Por su parte, Mariani aclar\u00f3 que la visita de la delegaci\u00f3n a Siria tiene por objetivo examinar de cerca la verdad de lo est\u00e1 ocurriendo en Siria, lamentando las pol\u00edticas de algunos pa\u00edses occidentales que han contribuido a prolongar la crisis en esta naci\u00f3n \u00e1rabe.<\/p>\n<p style=\"text-align: justify;\">Se\u00f1al\u00f3 que la opini\u00f3n p\u00fablica europea ya es consciente de que la imagen que recibe sobre la situaci\u00f3n en Siria es tergiversada.<\/p>\n<p style=\"text-align: justify;\"><span style=\"color: #0000ff;\">Fuerzas de la Coalici\u00f3n estadounidense arrestan a civiles en el campo de Deir Ezzor<\/span><\/p>\n<p style=\"text-align: justify;\">La llamada \u201cCoalici\u00f3n Internacional\u201d, liderada por Washington, sigue secuestrando y humillando a los civiles en las zonas d\u00f3nde se despliega la milicia de las FDS en el campo de Deir Ezzor.<\/p>\n<p style=\"text-align: justify;\">Fuentes locales informaron que fuerzas de desembarco a\u00e9reo de la \u201cCoalici\u00f3n Internacional\u201d detuvieron a m\u00e1s de 21 civiles de los pueblos de al-Tayana y al-Jayaa, ubicadas respectivamente en los campos este y oeste de Deir Ezzor, traslad\u00e1ndoles a lugares desconocidos.<\/p>\n<p style=\"text-align: justify;\"><span style=\"color: #0000ff;\">Contin\u00faan obras de rehabilitaci\u00f3n de la carretera entre Palmira y Deir Ezzor<\/span><\/p>\n<p style=\"text-align: justify;\">La sucursal de la Empresa de Transporte Vial en Homs est\u00e1 a punto de terminar el proyecto de mantenimiento de la carretera entre las ciudades de Palmira y Deir Ezzor en la regi\u00f3n oriental del pa\u00eds.<\/p>\n<p style=\"text-align: justify;\">Mohammed Ali, director de la sucursal, inform\u00f3 que la carretera sufri\u00f3 da\u00f1os en varios lugares debido a los ataques de los terroristas del Daesh, y ya se complet\u00f3 la rehabilitaci\u00f3n de los puentes destruidos.<\/p>\n<p style=\"text-align: justify;\">Esta carretera es una arteria importante que une las regiones Costera, Sur y Oriental del pa\u00eds, y su reparaci\u00f3n aumentar\u00eda la circulaci\u00f3n de veh\u00edculos y contribuir\u00eda al desarrollo econ\u00f3mico, y adem\u00e1s permite que las personas desplazadas vuelvan a sus hogares en las zonas liberadas por el ej\u00e9rcito \u00e1rabe sirio.<\/p>\n<p style=\"text-align: justify;\"><span style=\"color: #0000ff;\">Ej\u00e9rcito destruye fortificaciones de terroristas Al-Nousra en las inmediaciones de Sarakeb en Idleb<\/span><\/p>\n<p style=\"text-align: justify;\">La artiller\u00eda del Ej\u00e9rcito sirio bombarde\u00f3 posiciones de terroristas del Frente al-Nousra en las inmediaciones de los pueblos y localidades de al-Sheikh Mustafa, al-Teh, Kafar Sayne, Talmanas, Maarat Harma, Maar Shurin, Shahranaz y los extremos y las cercan\u00edas de Sarakeb.<\/p>\n<p style=\"text-align: justify;\">Durante esta operaci\u00f3n, el Ej\u00e9rcito sirio logr\u00f3 infligir numerosas bajas entre las filas de los terroristas de al-Nousra, as\u00ed como destruirles fortificaciones y material b\u00e9lico.<\/p>\n<p style=\"text-align: justify;\">En la V\u00edspera, el Ej\u00e9rcito sirio contrarrest\u00f3 una arremetida librada por terroristas de al-Nousra contra puntos militares en el eje de la localidad de Sham al-Hawa en el campo sureste de Idleb.<\/p>\n<p style=\"text-align: justify;\"><span style=\"color: #0000ff;\">F. Marouf\/ E. Dubian<\/span><\/p>\n","protected":false},"excerpt":{"rendered":"<p>Damasco, SANA Les ofrecemos a continuaci\u00f3n un resumen de las noticias nacionales e internacionales relativas a Siria y difundidas por nuestra agencia en las \u00faltimas 24 horas: Bajo auspicios del presidente Al-Assad, el Primer Ministro inaugura 61\u00aa edici\u00f3n de la Feria Internacional de Damasco Representando al presidente Bashar al-Assad, el primer ministro, Imad khamis, inaugur\u00f3 &hellip;<\/p>\n","protected":false},"author":32,"featured_media":113426,"comment_status":"closed","ping_status":"closed","sticky":false,"template":"","format":"standard","meta":{"footnotes":""},"categories":[597,476,7541],"tags":[16333],"class_list":["post-113425","post","type-post","status-publish","format-standard","has-post-thumbnail","","category-cinta-de-noticias","category-locales","category-ultimas-noticias","tag-boletin-informativo-de-la-agencia-sana-de-las-noticias-del-jueves-29-de-agosto"],"_links":{"self":[{"href":"https:\/\/archive.sana.sy\/es\/index.php?rest_route=\/wp\/v2\/posts\/113425"}],"collection":[{"href":"https:\/\/archive.sana.sy\/es\/index.php?rest_route=\/wp\/v2\/posts"}],"about":[{"href":"https:\/\/archive.sana.sy\/es\/index.php?rest_route=\/wp\/v2\/types\/post"}],"author":[{"embeddable":true,"href":"https:\/\/archive.sana.sy\/es\/index.php?rest_route=\/wp\/v2\/users\/32"}],"replies":[{"embeddable":true,"href":"https:\/\/archive.sana.sy\/es\/index.php?rest_route=%2Fwp%2Fv2%2Fcomments&post=113425"}],"version-history":[{"count":0,"href":"https:\/\/archive.sana.sy\/es\/index.php?rest_route=\/wp\/v2\/posts\/113425\/revisions"}],"wp:featuredmedia":[{"embeddable":true,"href":"https:\/\/archive.sana.sy\/es\/index.php?rest_route=\/wp\/v2\/media\/113426"}],"wp:attachment":[{"href":"https:\/\/archive.sana.sy\/es\/index.php?rest_route=%2Fwp%2Fv2%2Fmedia&parent=113425"}],"wp:term":[{"taxonomy":"category","embeddable":true,"href":"https:\/\/archive.sana.sy\/es\/index.php?rest_route=%2Fwp%2Fv2%2Fcategories&post=113425"},{"taxonomy":"post_tag","embeddable":true,"href":"https:\/\/archive.sana.sy\/es\/index.php?rest_route=%2Fwp%2Fv2%2Ftags&post=113425"}],"curies":[{"name":"wp","href":"https:\/\/api.w.org\/{rel}","templated":true}]}}